{"id":5343,"date":"2026-08-31T14:10:50","date_gmt":"2026-08-31T17:10:50","guid":{"rendered":"https:\/\/ajustica.net\/?p=5343"},"modified":"2026-08-31T14:10:51","modified_gmt":"2026-08-31T17:10:51","slug":"presidente-joao-lourenco-considera-angola-capital-da-estabilidade-de-africa-apos-cimeira-da-ua","status":"publish","type":"post","link":"https:\/\/ajustica.net\/index.php\/2026\/08\/31\/presidente-joao-lourenco-considera-angola-capital-da-estabilidade-de-africa-apos-cimeira-da-ua\/","title":{"rendered":"PRESIDENTE JO\u00c3O LOUREN\u00c7O CONSIDERA ANGOLA \u201cCAPITAL DA ESTABILIDADE DE \u00c1FRICA\u201d AP\u00d3S CIMEIRA DA UA"},"content":{"rendered":"\n<p>O Presidente da Rep\u00fablica, Jo\u00e3o Louren\u00e7o, destacou, hoje, o papel de Angola na promo\u00e7\u00e3o da estabilidade, pacifica\u00e7\u00e3o e desenvolvimento do continente africano, na sequ\u00eancia da realiza\u00e7\u00e3o, em Luanda, nos dias 29 e 30 de Agosto, de importantes reuni\u00f5es da Uni\u00e3o Africana.<\/p>\n\n\n\n<p>Numa publica\u00e7\u00e3o na sua conta oficial do Facebook, o Chefe de Estado afirmou que Angola se congratula por se ter tornado, mais uma vez, na \u201ccapital da estabilidade de \u00c1frica\u201d, ao acolher os l\u00edderes africanos para discutirem os desafios do continente e adoptarem documentos destinados ao refor\u00e7o dos mecanismos de preven\u00e7\u00e3o e resolu\u00e7\u00e3o de conflitos.<\/p>\n\n\n\n<p>\u201cOs angolanos, pela sua pr\u00f3pria experi\u00eancia, percebem que a paz \u00e9 a \u00fanica condi\u00e7\u00e3o que permite realizar todas as ambi\u00e7\u00f5es e aspira\u00e7\u00f5es do nosso continente\u201d, escreveu Jo\u00e3o Louren\u00e7o.<\/p>\n\n\n\n<p>O Presidente da Rep\u00fablica considerou que a realiza\u00e7\u00e3o, em Luanda, de debates sobre os problemas e desafios de \u00c1frica faz parte da \u201ccultura estrat\u00e9gica\u201d de Angola, que, segundo afirmou, constitui uma verdadeira \u201ctrincheira de \u00c1frica\u201d e um espa\u00e7o privilegiado para a pacifica\u00e7\u00e3o e o desenvolvimento do continente.<\/p>\n\n\n\n<p>\u201cBem haja, \u00c1frica!\u201d, concluiu o Chefe de Estado.<\/p>\n","protected":false},"excerpt":{"rendered":"<p>O Presidente da Rep\u00fablica, Jo\u00e3o Louren\u00e7o, destacou, hoje, o papel de Angola na promo\u00e7\u00e3o da estabilidade, pacifica\u00e7\u00e3o e desenvolvimento do continente africano, na sequ\u00eancia da realiza\u00e7\u00e3o, em Luanda, nos dias 29 e 30 de Agosto, de importantes reuni\u00f5es da Uni\u00e3o Africana. Numa publica\u00e7\u00e3o na sua conta oficial do Facebook, o Chefe de Estado afirmou que [&hellip;]<\/p>\n","protected":false},"author":3,"featured_media":5344,"comment_status":"open","ping_status":"open","sticky":false,"template":"","format":"standard","meta":{"footnotes":""},"categories":[3],"tags":[],"yoast_head":"<!-- This site is optimized with the Yoast SEO plugin v20.10 - https:\/\/yoast.com\/wordpress\/plugins\/seo\/ -->\n<title>PRESIDENTE JO\u00c3O LOUREN\u00c7O CONSIDERA ANGOLA \u201cCAPITAL DA ESTABILIDADE DE \u00c1FRICA\u201d AP\u00d3S CIMEIRA DA UA -<\/title>\n<meta name=\"robots\" content=\"index, follow, max-snippet:-1, max-image-preview:large, max-video-preview:-1\" \/>\n<link rel=\"canonical\" href=\"https:\/\/ajustica.net\/index.php\/2026\/08\/31\/presidente-joao-lourenco-considera-angola-capital-da-estabilidade-de-africa-apos-cimeira-da-ua\/\" \/>\n<meta property=\"og:locale\" content=\"pt_BR\" \/>\n<meta property=\"og:type\" content=\"article\" \/>\n<meta property=\"og:title\" content=\"PRESIDENTE JO\u00c3O LOUREN\u00c7O CONSIDERA ANGOLA \u201cCAPITAL DA ESTABILIDADE DE \u00c1FRICA\u201d AP\u00d3S CIMEIRA DA UA -\" \/>\n<meta property=\"og:description\" content=\"O Presidente da Rep\u00fablica, Jo\u00e3o Louren\u00e7o, destacou, hoje, o papel de Angola na promo\u00e7\u00e3o da estabilidade, pacifica\u00e7\u00e3o e desenvolvimento do continente africano, na sequ\u00eancia da realiza\u00e7\u00e3o, em Luanda, nos dias 29 e 30 de Agosto, de importantes reuni\u00f5es da Uni\u00e3o Africana. Numa publica\u00e7\u00e3o na sua conta oficial do Facebook, o Chefe de Estado afirmou que [&hellip;]\" \/>\n<meta property=\"og:url\" content=\"https:\/\/ajustica.net\/index.php\/2026\/08\/31\/presidente-joao-lourenco-considera-angola-capital-da-estabilidade-de-africa-apos-cimeira-da-ua\/\" \/>\n<meta property=\"article:published_time\" content=\"2026-08-31T17:10:50+00:00\" \/>\n<meta property=\"article:modified_time\" content=\"2026-08-31T17:10:51+00:00\" \/>\n<meta property=\"og:image\" content=\"https:\/\/ajustica.net\/wp-content\/uploads\/2026\/08\/6284830_imagem.jpeg\" \/>\n\t<meta property=\"og:image:width\" content=\"1066\" \/>\n\t<meta property=\"og:image:height\" content=\"711\" \/>\n\t<meta property=\"og:image:type\" content=\"image\/jpeg\" \/>\n<meta name=\"author\" content=\"Portal Justi\u00e7a\" \/>\n<meta name=\"twitter:card\" content=\"summary_large_image\" \/>\n<meta name=\"twitter:label1\" content=\"Escrito por\" \/>\n\t<meta name=\"twitter:data1\" content=\"Portal Justi\u00e7a\" \/>\n\t<meta name=\"twitter:label2\" content=\"Est. tempo de leitura\" \/>\n\t<meta name=\"twitter:data2\" content=\"1 minuto\" \/>\n<script type=\"application\/ld+json\" class=\"yoast-schema-graph\">{\"@context\":\"https:\/\/schema.org\",\"@graph\":[{\"@type\":\"WebPage\",\"@id\":\"https:\/\/ajustica.net\/index.php\/2026\/08\/31\/presidente-joao-lourenco-considera-angola-capital-da-estabilidade-de-africa-apos-cimeira-da-ua\/\",\"url\":\"https:\/\/ajustica.net\/index.php\/2026\/08\/31\/presidente-joao-lourenco-considera-angola-capital-da-estabilidade-de-africa-apos-cimeira-da-ua\/\",\"name\":\"PRESIDENTE JO\u00c3O LOUREN\u00c7O CONSIDERA ANGOLA \u201cCAPITAL DA ESTABILIDADE DE \u00c1FRICA\u201d AP\u00d3S CIMEIRA DA UA -\",\"isPartOf\":{\"@id\":\"https:\/\/ajustica.net\/#website\"},\"datePublished\":\"2026-08-31T17:10:50+00:00\",\"dateModified\":\"2026-08-31T17:10:51+00:00\",\"author\":{\"@id\":\"https:\/\/ajustica.net\/#\/schema\/person\/e1f71ed49e0f63898db2951a6b747d62\"},\"breadcrumb\":{\"@id\":\"https:\/\/ajustica.net\/index.php\/2026\/08\/31\/presidente-joao-lourenco-considera-angola-capital-da-estabilidade-de-africa-apos-cimeira-da-ua\/#breadcrumb\"},\"inLanguage\":\"pt-BR\",\"potentialAction\":[{\"@type\":\"ReadAction\",\"target\":[\"https:\/\/ajustica.net\/index.php\/2026\/08\/31\/presidente-joao-lourenco-considera-angola-capital-da-estabilidade-de-africa-apos-cimeira-da-ua\/\"]}]},{\"@type\":\"BreadcrumbList\",\"@id\":\"https:\/\/ajustica.net\/index.php\/2026\/08\/31\/presidente-joao-lourenco-considera-angola-capital-da-estabilidade-de-africa-apos-cimeira-da-ua\/#breadcrumb\",\"itemListElement\":[{\"@type\":\"ListItem\",\"position\":1,\"name\":\"In\u00edcio\",\"item\":\"https:\/\/ajustica.net\/\"},{\"@type\":\"ListItem\",\"position\":2,\"name\":\"PRESIDENTE JO\u00c3O LOUREN\u00c7O CONSIDERA ANGOLA \u201cCAPITAL DA ESTABILIDADE DE \u00c1FRICA\u201d AP\u00d3S CIMEIRA DA UA\"}]},{\"@type\":\"WebSite\",\"@id\":\"https:\/\/ajustica.net\/#website\",\"url\":\"https:\/\/ajustica.net\/\",\"name\":\"\",\"description\":\"Email Para Den\u00fancia: a1ajustica@gmail.com\",\"potentialAction\":[{\"@type\":\"SearchAction\",\"target\":{\"@type\":\"EntryPoint\",\"urlTemplate\":\"https:\/\/ajustica.net\/?s={search_term_string}\"},\"query-input\":\"required name=search_term_string\"}],\"inLanguage\":\"pt-BR\"},{\"@type\":\"Person\",\"@id\":\"https:\/\/ajustica.net\/#\/schema\/person\/e1f71ed49e0f63898db2951a6b747d62\",\"name\":\"Portal Justi\u00e7a\",\"image\":{\"@type\":\"ImageObject\",\"inLanguage\":\"pt-BR\",\"@id\":\"https:\/\/ajustica.net\/#\/schema\/person\/image\/\",\"url\":\"https:\/\/secure.gravatar.com\/avatar\/14c19bb3bbce6a73ddabbf74322a5807?s=96&d=mm&r=g\",\"contentUrl\":\"https:\/\/secure.gravatar.com\/avatar\/14c19bb3bbce6a73ddabbf74322a5807?s=96&d=mm&r=g\",\"caption\":\"Portal Justi\u00e7a\"},\"url\":\"https:\/\/ajustica.net\/index.php\/author\/justica\/\"}]}<\/script>\n<!-- \/ Yoast SEO plugin. -->","yoast_head_json":{"title":"PRESIDENTE JO\u00c3O LOUREN\u00c7O CONSIDERA ANGOLA \u201cCAPITAL DA ESTABILIDADE DE \u00c1FRICA\u201d AP\u00d3S CIMEIRA DA UA -","robots":{"index":"index","follow":"follow","max-snippet":"max-snippet:-1","max-image-preview":"max-image-preview:large","max-video-preview":"max-video-preview:-1"},"canonical":"https:\/\/ajustica.net\/index.php\/2026\/08\/31\/presidente-joao-lourenco-considera-angola-capital-da-estabilidade-de-africa-apos-cimeira-da-ua\/","og_locale":"pt_BR","og_type":"article","og_title":"PRESIDENTE JO\u00c3O LOUREN\u00c7O CONSIDERA ANGOLA \u201cCAPITAL DA ESTABILIDADE DE \u00c1FRICA\u201d AP\u00d3S CIMEIRA DA UA -","og_description":"O Presidente da Rep\u00fablica, Jo\u00e3o Louren\u00e7o, destacou, hoje, o papel de Angola na promo\u00e7\u00e3o da estabilidade, pacifica\u00e7\u00e3o e desenvolvimento do continente africano, na sequ\u00eancia da realiza\u00e7\u00e3o, em Luanda, nos dias 29 e 30 de Agosto, de importantes reuni\u00f5es da Uni\u00e3o Africana. Numa publica\u00e7\u00e3o na sua conta oficial do Facebook, o Chefe de Estado afirmou que [&hellip;]","og_url":"https:\/\/ajustica.net\/index.php\/2026\/08\/31\/presidente-joao-lourenco-considera-angola-capital-da-estabilidade-de-africa-apos-cimeira-da-ua\/","article_published_time":"2026-08-31T17:10:50+00:00","article_modified_time":"2026-08-31T17:10:51+00:00","og_image":[{"width":1066,"height":711,"url":"https:\/\/ajustica.net\/wp-content\/uploads\/2026\/08\/6284830_imagem.jpeg","type":"image\/jpeg"}],"author":"Portal Justi\u00e7a","twitter_card":"summary_large_image","twitter_misc":{"Escrito por":"Portal Justi\u00e7a","Est. tempo de leitura":"1 minuto"},"schema":{"@context":"https:\/\/schema.org","@graph":[{"@type":"WebPage","@id":"https:\/\/ajustica.net\/index.php\/2026\/08\/31\/presidente-joao-lourenco-considera-angola-capital-da-estabilidade-de-africa-apos-cimeira-da-ua\/","url":"https:\/\/ajustica.net\/index.php\/2026\/08\/31\/presidente-joao-lourenco-considera-angola-capital-da-estabilidade-de-africa-apos-cimeira-da-ua\/","name":"PRESIDENTE JO\u00c3O LOUREN\u00c7O CONSIDERA ANGOLA \u201cCAPITAL DA ESTABILIDADE DE \u00c1FRICA\u201d AP\u00d3S CIMEIRA DA UA -","isPartOf":{"@id":"https:\/\/ajustica.net\/#website"},"datePublished":"2026-08-31T17:10:50+00:00","dateModified":"2026-08-31T17:10:51+00:00","author":{"@id":"https:\/\/ajustica.net\/#\/schema\/person\/e1f71ed49e0f63898db2951a6b747d62"},"breadcrumb":{"@id":"https:\/\/ajustica.net\/index.php\/2026\/08\/31\/presidente-joao-lourenco-considera-angola-capital-da-estabilidade-de-africa-apos-cimeira-da-ua\/#breadcrumb"},"inLanguage":"pt-BR","potentialAction":[{"@type":"ReadAction","target":["https:\/\/ajustica.net\/index.php\/2026\/08\/31\/presidente-joao-lourenco-considera-angola-capital-da-estabilidade-de-africa-apos-cimeira-da-ua\/"]}]},{"@type":"BreadcrumbList","@id":"https:\/\/ajustica.net\/index.php\/2026\/08\/31\/presidente-joao-lourenco-considera-angola-capital-da-estabilidade-de-africa-apos-cimeira-da-ua\/#breadcrumb","itemListElement":[{"@type":"ListItem","position":1,"name":"In\u00edcio","item":"https:\/\/ajustica.net\/"},{"@type":"ListItem","position":2,"name":"PRESIDENTE JO\u00c3O LOUREN\u00c7O CONSIDERA ANGOLA \u201cCAPITAL DA ESTABILIDADE DE \u00c1FRICA\u201d AP\u00d3S CIMEIRA DA UA"}]},{"@type":"WebSite","@id":"https:\/\/ajustica.net\/#website","url":"https:\/\/ajustica.net\/","name":"","description":"Email Para Den\u00fancia: a1ajustica@gmail.com","potentialAction":[{"@type":"SearchAction","target":{"@type":"EntryPoint","urlTemplate":"https:\/\/ajustica.net\/?s={search_term_string}"},"query-input":"required name=search_term_string"}],"inLanguage":"pt-BR"},{"@type":"Person","@id":"https:\/\/ajustica.net\/#\/schema\/person\/e1f71ed49e0f63898db2951a6b747d62","name":"Portal Justi\u00e7a","image":{"@type":"ImageObject","inLanguage":"pt-BR","@id":"https:\/\/ajustica.net\/#\/schema\/person\/image\/","url":"https:\/\/secure.gravatar.com\/avatar\/14c19bb3bbce6a73ddabbf74322a5807?s=96&d=mm&r=g","contentUrl":"https:\/\/secure.gravatar.com\/avatar\/14c19bb3bbce6a73ddabbf74322a5807?s=96&d=mm&r=g","caption":"Portal Justi\u00e7a"},"url":"https:\/\/ajustica.net\/index.php\/author\/justica\/"}]}},"_links":{"self":[{"href":"https:\/\/ajustica.net\/index.php\/wp-json\/wp\/v2\/posts\/5343"}],"collection":[{"href":"https:\/\/ajustica.net\/index.php\/wp-json\/wp\/v2\/posts"}],"about":[{"href":"https:\/\/ajustica.net\/index.php\/wp-json\/wp\/v2\/types\/post"}],"author":[{"embeddable":true,"href":"https:\/\/ajustica.net\/index.php\/wp-json\/wp\/v2\/users\/3"}],"replies":[{"embeddable":true,"href":"https:\/\/ajustica.net\/index.php\/wp-json\/wp\/v2\/comments?post=5343"}],"version-history":[{"count":1,"href":"https:\/\/ajustica.net\/index.php\/wp-json\/wp\/v2\/posts\/5343\/revisions"}],"predecessor-version":[{"id":5345,"href":"https:\/\/ajustica.net\/index.php\/wp-json\/wp\/v2\/posts\/5343\/revisions\/5345"}],"wp:featuredmedia":[{"embeddable":true,"href":"https:\/\/ajustica.net\/index.php\/wp-json\/wp\/v2\/media\/5344"}],"wp:attachment":[{"href":"https:\/\/ajustica.net\/index.php\/wp-json\/wp\/v2\/media?parent=5343"}],"wp:term":[{"taxonomy":"category","embeddable":true,"href":"https:\/\/ajustica.net\/index.php\/wp-json\/wp\/v2\/categories?post=5343"},{"taxonomy":"post_tag","embeddable":true,"href":"https:\/\/ajustica.net\/index.php\/wp-json\/wp\/v2\/tags?post=5343"}],"curies":[{"name":"wp","href":"https:\/\/api.w.org\/{rel}","templated":true}]}}