{"id":4997,"date":"2026-04-30T21:02:21","date_gmt":"2026-05-01T00:02:21","guid":{"rendered":"https:\/\/ajustica.net\/?p=4997"},"modified":"2026-04-30T21:02:21","modified_gmt":"2026-05-01T00:02:21","slug":"congresso-do-mpla-imposicao-de-declaracoes-de-apoio-a-multiplas-direcoes-inquieta-pre-candidatos","status":"publish","type":"post","link":"https:\/\/ajustica.net\/index.php\/2026\/04\/30\/congresso-do-mpla-imposicao-de-declaracoes-de-apoio-a-multiplas-direcoes-inquieta-pre-candidatos\/","title":{"rendered":"CONGRESSO DO MPLA: IMPOSI\u00c7\u00c3O DE DECLARA\u00c7\u00d5ES DE APOIO A M\u00daLTIPLAS DIRE\u00c7\u00d5ES INQUIETA PR\u00c9-CANDIDATOS"},"content":{"rendered":"\n<p>Os candidatos \u00e0s v\u00e1rias direc\u00e7\u00f5es do MPLA, no \u00e2mbito do 9\u00ba congresso ordin\u00e1rio, marcado para os dias 09 e 10 de Dezembro, est\u00e3o preocupados com algumas exig\u00eancias da declara\u00e7\u00e3o de apoio ao candidato.<\/p>\n\n\n\n<p>Entre as principais preocupa\u00e7\u00f5es apontadas por militantes interessados em concorrer aos cargos de presidente do partido, secret\u00e1rio provincial, municipal e comunal est\u00e1 a exig\u00eancia de que cada declara\u00e7\u00e3o de apoio seja preenchida integralmente pelo pr\u00f3prio subscritor.<\/p>\n\n\n\n<p>Essa condi\u00e7\u00e3o, na opini\u00e3o do militante Jos\u00e9 de Almeida, que j\u00e1 formalizou a sua inten\u00e7\u00e3o de se candidatar \u00e0 presid\u00eancia do partido junto da subcomiss\u00e3o de candidaturas, poder\u00e1 excluir militantes analfabetos ou com limita\u00e7\u00f5es visuais, criando barreiras \u00e0 participa\u00e7\u00e3o plena de uma parte da base militante.<\/p>\n\n\n\n<p>Segundo apurou o Novo Jornal, a subcomiss\u00e3o de candidaturas da comiss\u00e3o nacional preparat\u00f3ria do 9\u00ba congresso ordin\u00e1rio do MPLA n\u00e3o aceitou o modelo de fichas de subscri\u00e7\u00e3o apresentado pelo pr\u00e9-candidato Francisco Higino Carneiro, por considerar que o formato utilizado n\u00e3o correspondia ao padr\u00e3o oficial definido pelo \u00f3rg\u00e3o.<\/p>\n\n\n\n<p>Na altura, o mandat\u00e1rio do general na reforma apresentou mais de 8.000 fichas que n\u00e3o foram aceites, estando neste momento em curso uma campanha de recolha de novas assinaturas de candidaturas de apoio, de acordo com a exig\u00eancia da direc\u00e7\u00e3o do partido.<\/p>\n\n\n\n<p>Segundo o regulamento, todos os militantes no pleno gozo dos seus direitos estatut\u00e1rios podem candidatar-se, desde que n\u00e3o estejam abrangidos por inelegibilidades, sendo exigido um tempo m\u00ednimo de milit\u00e2ncia que varia entre cinco e 15 anos, conforme o cargo almejado.<\/p>\n\n\n\n<p>Para a candidatura ao cargo de presidente do MPLA, os proponentes devem reunir o apoio de pelo menos 5.000 militantes, distribu\u00eddos por todas as prov\u00edncias do Pa\u00eds, garantindo base de suporte geograficamente distribu\u00edda e representativa da estrutura nacional.<\/p>\n\n\n\n<p>Os restantes n\u00edveis exigem entre 1.000 e 2.500 subscritores, estabelecendo escalas diferenciadas conforme a import\u00e2ncia e alcance do cargo a ser disputado.<\/p>\n\n\n\n<p>O 9\u00ba congresso ordin\u00e1rio do MPLA est\u00e1 agendado para os dias 09 e 10 de Dezembro de 2026 e tem como o lema &#8220;MPLA &#8211; Compromisso com o Povo e Confian\u00e7a no Futuro&#8221;. Prop\u00f5e-se discutir a orienta\u00e7\u00e3o pol\u00edtica, definir estrat\u00e9gias para os pr\u00f3ximos anos e consolidar as estruturas do partido.&nbsp;NJ<\/p>\n","protected":false},"excerpt":{"rendered":"<p>Os candidatos \u00e0s v\u00e1rias direc\u00e7\u00f5es do MPLA, no \u00e2mbito do 9\u00ba congresso ordin\u00e1rio, marcado para os dias 09 e 10 de Dezembro, est\u00e3o preocupados com algumas exig\u00eancias da declara\u00e7\u00e3o de apoio ao candidato. Entre as principais preocupa\u00e7\u00f5es apontadas por militantes interessados em concorrer aos cargos de presidente do partido, secret\u00e1rio provincial, municipal e comunal est\u00e1 [&hellip;]<\/p>\n","protected":false},"author":3,"featured_media":4998,"comment_status":"open","ping_status":"open","sticky":false,"template":"","format":"standard","meta":{"footnotes":""},"categories":[3,2],"tags":[],"yoast_head":"<!-- This site is optimized with the Yoast SEO plugin v20.10 - https:\/\/yoast.com\/wordpress\/plugins\/seo\/ -->\n<title>CONGRESSO DO MPLA: IMPOSI\u00c7\u00c3O DE DECLARA\u00c7\u00d5ES DE APOIO A M\u00daLTIPLAS DIRE\u00c7\u00d5ES INQUIETA PR\u00c9-CANDIDATOS -<\/title>\n<meta name=\"robots\" content=\"index, follow, max-snippet:-1, max-image-preview:large, max-video-preview:-1\" \/>\n<link rel=\"canonical\" href=\"https:\/\/ajustica.net\/index.php\/2026\/04\/30\/congresso-do-mpla-imposicao-de-declaracoes-de-apoio-a-multiplas-direcoes-inquieta-pre-candidatos\/\" \/>\n<meta property=\"og:locale\" content=\"pt_BR\" \/>\n<meta property=\"og:type\" content=\"article\" \/>\n<meta property=\"og:title\" content=\"CONGRESSO DO MPLA: IMPOSI\u00c7\u00c3O DE DECLARA\u00c7\u00d5ES DE APOIO A M\u00daLTIPLAS DIRE\u00c7\u00d5ES INQUIETA PR\u00c9-CANDIDATOS -\" \/>\n<meta property=\"og:description\" content=\"Os candidatos \u00e0s v\u00e1rias direc\u00e7\u00f5es do MPLA, no \u00e2mbito do 9\u00ba congresso ordin\u00e1rio, marcado para os dias 09 e 10 de Dezembro, est\u00e3o preocupados com algumas exig\u00eancias da declara\u00e7\u00e3o de apoio ao candidato. Entre as principais preocupa\u00e7\u00f5es apontadas por militantes interessados em concorrer aos cargos de presidente do partido, secret\u00e1rio provincial, municipal e comunal est\u00e1 [&hellip;]\" \/>\n<meta property=\"og:url\" content=\"https:\/\/ajustica.net\/index.php\/2026\/04\/30\/congresso-do-mpla-imposicao-de-declaracoes-de-apoio-a-multiplas-direcoes-inquieta-pre-candidatos\/\" \/>\n<meta property=\"article:published_time\" content=\"2026-05-01T00:02:21+00:00\" \/>\n<meta property=\"og:image\" content=\"https:\/\/ajustica.net\/wp-content\/uploads\/2026\/04\/6813906c7b0060b48a272f579b84aa47_L.jpg\" \/>\n\t<meta property=\"og:image:width\" content=\"700\" \/>\n\t<meta property=\"og:image:height\" content=\"467\" \/>\n\t<meta property=\"og:image:type\" content=\"image\/jpeg\" \/>\n<meta name=\"author\" content=\"Portal Justi\u00e7a\" \/>\n<meta name=\"twitter:card\" content=\"summary_large_image\" \/>\n<meta name=\"twitter:label1\" content=\"Escrito por\" \/>\n\t<meta name=\"twitter:data1\" content=\"Portal Justi\u00e7a\" \/>\n\t<meta name=\"twitter:label2\" content=\"Est. tempo de leitura\" \/>\n\t<meta name=\"twitter:data2\" content=\"2 minutos\" \/>\n<script type=\"application\/ld+json\" class=\"yoast-schema-graph\">{\"@context\":\"https:\/\/schema.org\",\"@graph\":[{\"@type\":\"WebPage\",\"@id\":\"https:\/\/ajustica.net\/index.php\/2026\/04\/30\/congresso-do-mpla-imposicao-de-declaracoes-de-apoio-a-multiplas-direcoes-inquieta-pre-candidatos\/\",\"url\":\"https:\/\/ajustica.net\/index.php\/2026\/04\/30\/congresso-do-mpla-imposicao-de-declaracoes-de-apoio-a-multiplas-direcoes-inquieta-pre-candidatos\/\",\"name\":\"CONGRESSO DO MPLA: IMPOSI\u00c7\u00c3O DE DECLARA\u00c7\u00d5ES DE APOIO A M\u00daLTIPLAS DIRE\u00c7\u00d5ES INQUIETA PR\u00c9-CANDIDATOS -\",\"isPartOf\":{\"@id\":\"https:\/\/ajustica.net\/#website\"},\"datePublished\":\"2026-05-01T00:02:21+00:00\",\"dateModified\":\"2026-05-01T00:02:21+00:00\",\"author\":{\"@id\":\"https:\/\/ajustica.net\/#\/schema\/person\/e1f71ed49e0f63898db2951a6b747d62\"},\"breadcrumb\":{\"@id\":\"https:\/\/ajustica.net\/index.php\/2026\/04\/30\/congresso-do-mpla-imposicao-de-declaracoes-de-apoio-a-multiplas-direcoes-inquieta-pre-candidatos\/#breadcrumb\"},\"inLanguage\":\"pt-BR\",\"potentialAction\":[{\"@type\":\"ReadAction\",\"target\":[\"https:\/\/ajustica.net\/index.php\/2026\/04\/30\/congresso-do-mpla-imposicao-de-declaracoes-de-apoio-a-multiplas-direcoes-inquieta-pre-candidatos\/\"]}]},{\"@type\":\"BreadcrumbList\",\"@id\":\"https:\/\/ajustica.net\/index.php\/2026\/04\/30\/congresso-do-mpla-imposicao-de-declaracoes-de-apoio-a-multiplas-direcoes-inquieta-pre-candidatos\/#breadcrumb\",\"itemListElement\":[{\"@type\":\"ListItem\",\"position\":1,\"name\":\"In\u00edcio\",\"item\":\"https:\/\/ajustica.net\/\"},{\"@type\":\"ListItem\",\"position\":2,\"name\":\"CONGRESSO DO MPLA: IMPOSI\u00c7\u00c3O DE DECLARA\u00c7\u00d5ES DE APOIO A M\u00daLTIPLAS DIRE\u00c7\u00d5ES INQUIETA PR\u00c9-CANDIDATOS\"}]},{\"@type\":\"WebSite\",\"@id\":\"https:\/\/ajustica.net\/#website\",\"url\":\"https:\/\/ajustica.net\/\",\"name\":\"\",\"description\":\"Email Para Den\u00fancia: ajusticaa@gmail.com\",\"potentialAction\":[{\"@type\":\"SearchAction\",\"target\":{\"@type\":\"EntryPoint\",\"urlTemplate\":\"https:\/\/ajustica.net\/?s={search_term_string}\"},\"query-input\":\"required name=search_term_string\"}],\"inLanguage\":\"pt-BR\"},{\"@type\":\"Person\",\"@id\":\"https:\/\/ajustica.net\/#\/schema\/person\/e1f71ed49e0f63898db2951a6b747d62\",\"name\":\"Portal Justi\u00e7a\",\"image\":{\"@type\":\"ImageObject\",\"inLanguage\":\"pt-BR\",\"@id\":\"https:\/\/ajustica.net\/#\/schema\/person\/image\/\",\"url\":\"https:\/\/secure.gravatar.com\/avatar\/14c19bb3bbce6a73ddabbf74322a5807?s=96&d=mm&r=g\",\"contentUrl\":\"https:\/\/secure.gravatar.com\/avatar\/14c19bb3bbce6a73ddabbf74322a5807?s=96&d=mm&r=g\",\"caption\":\"Portal Justi\u00e7a\"},\"url\":\"https:\/\/ajustica.net\/index.php\/author\/justica\/\"}]}<\/script>\n<!-- \/ Yoast SEO plugin. -->","yoast_head_json":{"title":"CONGRESSO DO MPLA: IMPOSI\u00c7\u00c3O DE DECLARA\u00c7\u00d5ES DE APOIO A M\u00daLTIPLAS DIRE\u00c7\u00d5ES INQUIETA PR\u00c9-CANDIDATOS -","robots":{"index":"index","follow":"follow","max-snippet":"max-snippet:-1","max-image-preview":"max-image-preview:large","max-video-preview":"max-video-preview:-1"},"canonical":"https:\/\/ajustica.net\/index.php\/2026\/04\/30\/congresso-do-mpla-imposicao-de-declaracoes-de-apoio-a-multiplas-direcoes-inquieta-pre-candidatos\/","og_locale":"pt_BR","og_type":"article","og_title":"CONGRESSO DO MPLA: IMPOSI\u00c7\u00c3O DE DECLARA\u00c7\u00d5ES DE APOIO A M\u00daLTIPLAS DIRE\u00c7\u00d5ES INQUIETA PR\u00c9-CANDIDATOS -","og_description":"Os candidatos \u00e0s v\u00e1rias direc\u00e7\u00f5es do MPLA, no \u00e2mbito do 9\u00ba congresso ordin\u00e1rio, marcado para os dias 09 e 10 de Dezembro, est\u00e3o preocupados com algumas exig\u00eancias da declara\u00e7\u00e3o de apoio ao candidato. Entre as principais preocupa\u00e7\u00f5es apontadas por militantes interessados em concorrer aos cargos de presidente do partido, secret\u00e1rio provincial, municipal e comunal est\u00e1 [&hellip;]","og_url":"https:\/\/ajustica.net\/index.php\/2026\/04\/30\/congresso-do-mpla-imposicao-de-declaracoes-de-apoio-a-multiplas-direcoes-inquieta-pre-candidatos\/","article_published_time":"2026-05-01T00:02:21+00:00","og_image":[{"width":700,"height":467,"url":"https:\/\/ajustica.net\/wp-content\/uploads\/2026\/04\/6813906c7b0060b48a272f579b84aa47_L.jpg","type":"image\/jpeg"}],"author":"Portal Justi\u00e7a","twitter_card":"summary_large_image","twitter_misc":{"Escrito por":"Portal Justi\u00e7a","Est. tempo de leitura":"2 minutos"},"schema":{"@context":"https:\/\/schema.org","@graph":[{"@type":"WebPage","@id":"https:\/\/ajustica.net\/index.php\/2026\/04\/30\/congresso-do-mpla-imposicao-de-declaracoes-de-apoio-a-multiplas-direcoes-inquieta-pre-candidatos\/","url":"https:\/\/ajustica.net\/index.php\/2026\/04\/30\/congresso-do-mpla-imposicao-de-declaracoes-de-apoio-a-multiplas-direcoes-inquieta-pre-candidatos\/","name":"CONGRESSO DO MPLA: IMPOSI\u00c7\u00c3O DE DECLARA\u00c7\u00d5ES DE APOIO A M\u00daLTIPLAS DIRE\u00c7\u00d5ES INQUIETA PR\u00c9-CANDIDATOS -","isPartOf":{"@id":"https:\/\/ajustica.net\/#website"},"datePublished":"2026-05-01T00:02:21+00:00","dateModified":"2026-05-01T00:02:21+00:00","author":{"@id":"https:\/\/ajustica.net\/#\/schema\/person\/e1f71ed49e0f63898db2951a6b747d62"},"breadcrumb":{"@id":"https:\/\/ajustica.net\/index.php\/2026\/04\/30\/congresso-do-mpla-imposicao-de-declaracoes-de-apoio-a-multiplas-direcoes-inquieta-pre-candidatos\/#breadcrumb"},"inLanguage":"pt-BR","potentialAction":[{"@type":"ReadAction","target":["https:\/\/ajustica.net\/index.php\/2026\/04\/30\/congresso-do-mpla-imposicao-de-declaracoes-de-apoio-a-multiplas-direcoes-inquieta-pre-candidatos\/"]}]},{"@type":"BreadcrumbList","@id":"https:\/\/ajustica.net\/index.php\/2026\/04\/30\/congresso-do-mpla-imposicao-de-declaracoes-de-apoio-a-multiplas-direcoes-inquieta-pre-candidatos\/#breadcrumb","itemListElement":[{"@type":"ListItem","position":1,"name":"In\u00edcio","item":"https:\/\/ajustica.net\/"},{"@type":"ListItem","position":2,"name":"CONGRESSO DO MPLA: IMPOSI\u00c7\u00c3O DE DECLARA\u00c7\u00d5ES DE APOIO A M\u00daLTIPLAS DIRE\u00c7\u00d5ES INQUIETA PR\u00c9-CANDIDATOS"}]},{"@type":"WebSite","@id":"https:\/\/ajustica.net\/#website","url":"https:\/\/ajustica.net\/","name":"","description":"Email Para Den\u00fancia: ajusticaa@gmail.com","potentialAction":[{"@type":"SearchAction","target":{"@type":"EntryPoint","urlTemplate":"https:\/\/ajustica.net\/?s={search_term_string}"},"query-input":"required name=search_term_string"}],"inLanguage":"pt-BR"},{"@type":"Person","@id":"https:\/\/ajustica.net\/#\/schema\/person\/e1f71ed49e0f63898db2951a6b747d62","name":"Portal Justi\u00e7a","image":{"@type":"ImageObject","inLanguage":"pt-BR","@id":"https:\/\/ajustica.net\/#\/schema\/person\/image\/","url":"https:\/\/secure.gravatar.com\/avatar\/14c19bb3bbce6a73ddabbf74322a5807?s=96&d=mm&r=g","contentUrl":"https:\/\/secure.gravatar.com\/avatar\/14c19bb3bbce6a73ddabbf74322a5807?s=96&d=mm&r=g","caption":"Portal Justi\u00e7a"},"url":"https:\/\/ajustica.net\/index.php\/author\/justica\/"}]}},"_links":{"self":[{"href":"https:\/\/ajustica.net\/index.php\/wp-json\/wp\/v2\/posts\/4997"}],"collection":[{"href":"https:\/\/ajustica.net\/index.php\/wp-json\/wp\/v2\/posts"}],"about":[{"href":"https:\/\/ajustica.net\/index.php\/wp-json\/wp\/v2\/types\/post"}],"author":[{"embeddable":true,"href":"https:\/\/ajustica.net\/index.php\/wp-json\/wp\/v2\/users\/3"}],"replies":[{"embeddable":true,"href":"https:\/\/ajustica.net\/index.php\/wp-json\/wp\/v2\/comments?post=4997"}],"version-history":[{"count":1,"href":"https:\/\/ajustica.net\/index.php\/wp-json\/wp\/v2\/posts\/4997\/revisions"}],"predecessor-version":[{"id":4999,"href":"https:\/\/ajustica.net\/index.php\/wp-json\/wp\/v2\/posts\/4997\/revisions\/4999"}],"wp:featuredmedia":[{"embeddable":true,"href":"https:\/\/ajustica.net\/index.php\/wp-json\/wp\/v2\/media\/4998"}],"wp:attachment":[{"href":"https:\/\/ajustica.net\/index.php\/wp-json\/wp\/v2\/media?parent=4997"}],"wp:term":[{"taxonomy":"category","embeddable":true,"href":"https:\/\/ajustica.net\/index.php\/wp-json\/wp\/v2\/categories?post=4997"},{"taxonomy":"post_tag","embeddable":true,"href":"https:\/\/ajustica.net\/index.php\/wp-json\/wp\/v2\/tags?post=4997"}],"curies":[{"name":"wp","href":"https:\/\/api.w.org\/{rel}","templated":true}]}}