{"id":4994,"date":"2026-04-30T21:00:46","date_gmt":"2026-05-01T00:00:46","guid":{"rendered":"https:\/\/ajustica.net\/?p=4994"},"modified":"2026-04-30T21:00:46","modified_gmt":"2026-05-01T00:00:46","slug":"bicefalia-esta-a-ser-usada-para-afastar-joao-lourenco","status":"publish","type":"post","link":"https:\/\/ajustica.net\/index.php\/2026\/04\/30\/bicefalia-esta-a-ser-usada-para-afastar-joao-lourenco\/","title":{"rendered":"BICEFALIA EST\u00c1 A SER USADA PARA AFASTAR JO\u00c3O LOUREN\u00c7O"},"content":{"rendered":"\n<p>As movimenta\u00e7\u00f5es no sentido de impedirem a materializa\u00e7\u00e3o de uma situa\u00e7\u00e3o bic\u00e9fala no MPLA (Movimento Popular para a Liberta\u00e7\u00e3o de Angola) est\u00e3o a ganhar corpo. A ideia passa por impedir que Jo\u00e3o Louren\u00e7o se candidate e seja eleito presidente do partido ao mesmo tempo que escolhe outra figura para n\u00famero um da lista do MPLA \u00e0s elei\u00e7\u00f5es gerais de 2027, dado que a lei o impede de concorrer a um terceiro mandato como Presidente da Rep\u00fablica.<\/p>\n\n\n\n<p>Esta inten\u00e7\u00e3o esbarra no muro da realidade. Jo\u00e3o Louren\u00e7o tem controlo sobre os principais \u00f3rg\u00e3os do partido, o bureau pol\u00edtico e o comit\u00e9 central, pelo que possui uma enorme margem para fazer passar a sua estrat\u00e9gia, a qual passa por ser reeleito l\u00edder do partido e determinar a escolha do candidato do MPLA que lhe poder\u00e1 suceder no Pal\u00e1cio da Cidade Alta.<\/p>\n\n\n\n<p>Ainda assim, est\u00e3o em curso iniciativas que visam demover Jo\u00e3o Louren\u00e7o de se recandidatar \u00e0 lideran\u00e7a do MPLA no congresso marcado para 9 e 10 de dezembro. \u201cN\u00e3o seria uma coisa boa ele manter-se como presidente do MPLA\u201d, afirmou Lopo do Nascimento, um hist\u00f3rico do partido, em entrevista \u00e0 TPA. O antigo dirigente, que chegou a ser primeiro-ministro e secret\u00e1rio-geral do MPLA, mostrou-se contr\u00e1rio a um \u201cpoder bic\u00e9falo\u201d e sugeriu, nesta medida, que \u201co presidente devia retirar-se\u201d.<\/p>\n\n\n\n<p>Miguel de Almeida, membro do comit\u00e9 central, \u00e9 outra figura que j\u00e1 se posicionou publicamente&nbsp;contra a bicefalia&nbsp;no partido, considerando que a lideran\u00e7a do MPLA e a Presid\u00eancia da Rep\u00fablica devem ficar concentradas na mesma figura.&nbsp;Este posicionamento contra a bicefalia, assim como aquele que lhe \u00e9 favor\u00e1vel, parte de uma presun\u00e7\u00e3o, a de que o MPLA ganhar\u00e1 as elei\u00e7\u00f5es gerais de setembro de 2027. Todavia, se for tra\u00e7ado o cen\u00e1rio hipot\u00e9tico de que Jo\u00e3o Louren\u00e7o \u00e9 eleito presidente do partido e o MPLA perde as elei\u00e7\u00f5es, a quest\u00e3o do poder bic\u00e9falo nem sequer se colocaria. Dito de outra forma, os rivais internos tamb\u00e9m n\u00e3o antecipam um cen\u00e1rio de derrota do MPLA,o que indiretamente abona a favor da forma como Louren\u00e7o tem governado o pa\u00eds. &nbsp;<\/p>\n\n\n\n<p>Um alvo por duas vias<br><br>Jo\u00e3o Louren\u00e7o est\u00e1 a ser alvo de duas formas. Uma delas tem como objetivo afast\u00e1-lo do MPLA, a outra passa por lhe retirar o ascendente no processo de escolha do candidato \u00e0 sua sucess\u00e3o. Neste \u00faltimo dom\u00ednio, o jogo ainda se faz na sombra, com uma exce\u00e7\u00e3o: Higino Carneiro \u00e9 candidato \u00e0 presid\u00eancia do MPLA e tem a ambi\u00e7\u00e3o de ser n\u00famero 1 nas listas do partido ao ato eleitoral de 2027, condi\u00e7\u00e3o obrigat\u00f3ria para ser eleito chefe de Estado.<\/p>\n\n\n\n<p>Higino Carneiro assume-se como \u201coutsider\u201d e este fim de semana apresentou o seu manifesto eleitoral. O general, no documento, reconhece o trabalho de Jo\u00e3o Louren\u00e7o, \u201ccom especial \u00eanfase na constru\u00e7\u00e3o de equipamentos sociais, visando servir e engrandecer a na\u00e7\u00e3o angolana\u201d, mas quer romper com o \u201cstatus quo\u201d, deixando nas entrelinhas cr\u00edticas ao atual l\u00edder.<\/p>\n\n\n\n<p>\u201cOs novos tempos exigem um MPLA mais aberto, democr\u00e1tico, \u00e9tico e pr\u00f3ximo dos militantes e da sociedade. Um Partido que escuta, debate, corrige e lidera pelo exemplo. Um MPLA onde ningu\u00e9m \u00e9 maior do que o Partido, e o poder \u00e9 sempre um instrumento de servi\u00e7o, nunca de benef\u00edcio pessoal\u201d, defende Higino Carneiro.<\/p>\n\n\n\n<p>Estes tempos prometem ser agitados, embora pare\u00e7a \u00f3bvio que Jo\u00e3o Louren\u00e7o n\u00e3o vai responder p\u00fablica nem diretamente aos protagonistas que o questionam. O sil\u00eancio \u00e9 uma vantagem, gera ansiedade e desconforto nos advers\u00e1rios, e por isso ele vai mant\u00ea-lo at\u00e9 ao limite das possibilidades.&nbsp;Jornal de Neg\u00f3cios.<\/p>\n","protected":false},"excerpt":{"rendered":"<p>As movimenta\u00e7\u00f5es no sentido de impedirem a materializa\u00e7\u00e3o de uma situa\u00e7\u00e3o bic\u00e9fala no MPLA (Movimento Popular para a Liberta\u00e7\u00e3o de Angola) est\u00e3o a ganhar corpo. A ideia passa por impedir que Jo\u00e3o Louren\u00e7o se candidate e seja eleito presidente do partido ao mesmo tempo que escolhe outra figura para n\u00famero um da lista do MPLA [&hellip;]<\/p>\n","protected":false},"author":3,"featured_media":4995,"comment_status":"open","ping_status":"open","sticky":false,"template":"","format":"standard","meta":{"footnotes":""},"categories":[2,5],"tags":[],"yoast_head":"<!-- This site is optimized with the Yoast SEO plugin v20.10 - https:\/\/yoast.com\/wordpress\/plugins\/seo\/ -->\n<title>BICEFALIA EST\u00c1 A SER USADA PARA AFASTAR JO\u00c3O LOUREN\u00c7O -<\/title>\n<meta name=\"robots\" content=\"index, follow, max-snippet:-1, max-image-preview:large, max-video-preview:-1\" \/>\n<link rel=\"canonical\" href=\"https:\/\/ajustica.net\/index.php\/2026\/04\/30\/bicefalia-esta-a-ser-usada-para-afastar-joao-lourenco\/\" \/>\n<meta property=\"og:locale\" content=\"pt_BR\" \/>\n<meta property=\"og:type\" content=\"article\" \/>\n<meta property=\"og:title\" content=\"BICEFALIA EST\u00c1 A SER USADA PARA AFASTAR JO\u00c3O LOUREN\u00c7O -\" \/>\n<meta property=\"og:description\" content=\"As movimenta\u00e7\u00f5es no sentido de impedirem a materializa\u00e7\u00e3o de uma situa\u00e7\u00e3o bic\u00e9fala no MPLA (Movimento Popular para a Liberta\u00e7\u00e3o de Angola) est\u00e3o a ganhar corpo. A ideia passa por impedir que Jo\u00e3o Louren\u00e7o se candidate e seja eleito presidente do partido ao mesmo tempo que escolhe outra figura para n\u00famero um da lista do MPLA [&hellip;]\" \/>\n<meta property=\"og:url\" content=\"https:\/\/ajustica.net\/index.php\/2026\/04\/30\/bicefalia-esta-a-ser-usada-para-afastar-joao-lourenco\/\" \/>\n<meta property=\"article:published_time\" content=\"2026-05-01T00:00:46+00:00\" \/>\n<meta property=\"og:image\" content=\"https:\/\/ajustica.net\/wp-content\/uploads\/2026\/04\/7698c89c46136da88dc4bcd5c2f7a60d_L.jpg\" \/>\n\t<meta property=\"og:image:width\" content=\"700\" \/>\n\t<meta property=\"og:image:height\" content=\"467\" \/>\n\t<meta property=\"og:image:type\" content=\"image\/jpeg\" \/>\n<meta name=\"author\" content=\"Portal Justi\u00e7a\" \/>\n<meta name=\"twitter:card\" content=\"summary_large_image\" \/>\n<meta name=\"twitter:label1\" content=\"Escrito por\" \/>\n\t<meta name=\"twitter:data1\" content=\"Portal Justi\u00e7a\" \/>\n\t<meta name=\"twitter:label2\" content=\"Est. tempo de leitura\" \/>\n\t<meta name=\"twitter:data2\" content=\"4 minutos\" \/>\n<script type=\"application\/ld+json\" class=\"yoast-schema-graph\">{\"@context\":\"https:\/\/schema.org\",\"@graph\":[{\"@type\":\"WebPage\",\"@id\":\"https:\/\/ajustica.net\/index.php\/2026\/04\/30\/bicefalia-esta-a-ser-usada-para-afastar-joao-lourenco\/\",\"url\":\"https:\/\/ajustica.net\/index.php\/2026\/04\/30\/bicefalia-esta-a-ser-usada-para-afastar-joao-lourenco\/\",\"name\":\"BICEFALIA EST\u00c1 A SER USADA PARA AFASTAR JO\u00c3O LOUREN\u00c7O -\",\"isPartOf\":{\"@id\":\"https:\/\/ajustica.net\/#website\"},\"datePublished\":\"2026-05-01T00:00:46+00:00\",\"dateModified\":\"2026-05-01T00:00:46+00:00\",\"author\":{\"@id\":\"https:\/\/ajustica.net\/#\/schema\/person\/e1f71ed49e0f63898db2951a6b747d62\"},\"breadcrumb\":{\"@id\":\"https:\/\/ajustica.net\/index.php\/2026\/04\/30\/bicefalia-esta-a-ser-usada-para-afastar-joao-lourenco\/#breadcrumb\"},\"inLanguage\":\"pt-BR\",\"potentialAction\":[{\"@type\":\"ReadAction\",\"target\":[\"https:\/\/ajustica.net\/index.php\/2026\/04\/30\/bicefalia-esta-a-ser-usada-para-afastar-joao-lourenco\/\"]}]},{\"@type\":\"BreadcrumbList\",\"@id\":\"https:\/\/ajustica.net\/index.php\/2026\/04\/30\/bicefalia-esta-a-ser-usada-para-afastar-joao-lourenco\/#breadcrumb\",\"itemListElement\":[{\"@type\":\"ListItem\",\"position\":1,\"name\":\"In\u00edcio\",\"item\":\"https:\/\/ajustica.net\/\"},{\"@type\":\"ListItem\",\"position\":2,\"name\":\"BICEFALIA EST\u00c1 A SER USADA PARA AFASTAR JO\u00c3O LOUREN\u00c7O\"}]},{\"@type\":\"WebSite\",\"@id\":\"https:\/\/ajustica.net\/#website\",\"url\":\"https:\/\/ajustica.net\/\",\"name\":\"\",\"description\":\"Email Para Den\u00fancia: ajusticaa@gmail.com\",\"potentialAction\":[{\"@type\":\"SearchAction\",\"target\":{\"@type\":\"EntryPoint\",\"urlTemplate\":\"https:\/\/ajustica.net\/?s={search_term_string}\"},\"query-input\":\"required name=search_term_string\"}],\"inLanguage\":\"pt-BR\"},{\"@type\":\"Person\",\"@id\":\"https:\/\/ajustica.net\/#\/schema\/person\/e1f71ed49e0f63898db2951a6b747d62\",\"name\":\"Portal Justi\u00e7a\",\"image\":{\"@type\":\"ImageObject\",\"inLanguage\":\"pt-BR\",\"@id\":\"https:\/\/ajustica.net\/#\/schema\/person\/image\/\",\"url\":\"https:\/\/secure.gravatar.com\/avatar\/14c19bb3bbce6a73ddabbf74322a5807?s=96&d=mm&r=g\",\"contentUrl\":\"https:\/\/secure.gravatar.com\/avatar\/14c19bb3bbce6a73ddabbf74322a5807?s=96&d=mm&r=g\",\"caption\":\"Portal Justi\u00e7a\"},\"url\":\"https:\/\/ajustica.net\/index.php\/author\/justica\/\"}]}<\/script>\n<!-- \/ Yoast SEO plugin. -->","yoast_head_json":{"title":"BICEFALIA EST\u00c1 A SER USADA PARA AFASTAR JO\u00c3O LOUREN\u00c7O -","robots":{"index":"index","follow":"follow","max-snippet":"max-snippet:-1","max-image-preview":"max-image-preview:large","max-video-preview":"max-video-preview:-1"},"canonical":"https:\/\/ajustica.net\/index.php\/2026\/04\/30\/bicefalia-esta-a-ser-usada-para-afastar-joao-lourenco\/","og_locale":"pt_BR","og_type":"article","og_title":"BICEFALIA EST\u00c1 A SER USADA PARA AFASTAR JO\u00c3O LOUREN\u00c7O -","og_description":"As movimenta\u00e7\u00f5es no sentido de impedirem a materializa\u00e7\u00e3o de uma situa\u00e7\u00e3o bic\u00e9fala no MPLA (Movimento Popular para a Liberta\u00e7\u00e3o de Angola) est\u00e3o a ganhar corpo. A ideia passa por impedir que Jo\u00e3o Louren\u00e7o se candidate e seja eleito presidente do partido ao mesmo tempo que escolhe outra figura para n\u00famero um da lista do MPLA [&hellip;]","og_url":"https:\/\/ajustica.net\/index.php\/2026\/04\/30\/bicefalia-esta-a-ser-usada-para-afastar-joao-lourenco\/","article_published_time":"2026-05-01T00:00:46+00:00","og_image":[{"width":700,"height":467,"url":"https:\/\/ajustica.net\/wp-content\/uploads\/2026\/04\/7698c89c46136da88dc4bcd5c2f7a60d_L.jpg","type":"image\/jpeg"}],"author":"Portal Justi\u00e7a","twitter_card":"summary_large_image","twitter_misc":{"Escrito por":"Portal Justi\u00e7a","Est. tempo de leitura":"4 minutos"},"schema":{"@context":"https:\/\/schema.org","@graph":[{"@type":"WebPage","@id":"https:\/\/ajustica.net\/index.php\/2026\/04\/30\/bicefalia-esta-a-ser-usada-para-afastar-joao-lourenco\/","url":"https:\/\/ajustica.net\/index.php\/2026\/04\/30\/bicefalia-esta-a-ser-usada-para-afastar-joao-lourenco\/","name":"BICEFALIA EST\u00c1 A SER USADA PARA AFASTAR JO\u00c3O LOUREN\u00c7O -","isPartOf":{"@id":"https:\/\/ajustica.net\/#website"},"datePublished":"2026-05-01T00:00:46+00:00","dateModified":"2026-05-01T00:00:46+00:00","author":{"@id":"https:\/\/ajustica.net\/#\/schema\/person\/e1f71ed49e0f63898db2951a6b747d62"},"breadcrumb":{"@id":"https:\/\/ajustica.net\/index.php\/2026\/04\/30\/bicefalia-esta-a-ser-usada-para-afastar-joao-lourenco\/#breadcrumb"},"inLanguage":"pt-BR","potentialAction":[{"@type":"ReadAction","target":["https:\/\/ajustica.net\/index.php\/2026\/04\/30\/bicefalia-esta-a-ser-usada-para-afastar-joao-lourenco\/"]}]},{"@type":"BreadcrumbList","@id":"https:\/\/ajustica.net\/index.php\/2026\/04\/30\/bicefalia-esta-a-ser-usada-para-afastar-joao-lourenco\/#breadcrumb","itemListElement":[{"@type":"ListItem","position":1,"name":"In\u00edcio","item":"https:\/\/ajustica.net\/"},{"@type":"ListItem","position":2,"name":"BICEFALIA EST\u00c1 A SER USADA PARA AFASTAR JO\u00c3O LOUREN\u00c7O"}]},{"@type":"WebSite","@id":"https:\/\/ajustica.net\/#website","url":"https:\/\/ajustica.net\/","name":"","description":"Email Para Den\u00fancia: ajusticaa@gmail.com","potentialAction":[{"@type":"SearchAction","target":{"@type":"EntryPoint","urlTemplate":"https:\/\/ajustica.net\/?s={search_term_string}"},"query-input":"required name=search_term_string"}],"inLanguage":"pt-BR"},{"@type":"Person","@id":"https:\/\/ajustica.net\/#\/schema\/person\/e1f71ed49e0f63898db2951a6b747d62","name":"Portal Justi\u00e7a","image":{"@type":"ImageObject","inLanguage":"pt-BR","@id":"https:\/\/ajustica.net\/#\/schema\/person\/image\/","url":"https:\/\/secure.gravatar.com\/avatar\/14c19bb3bbce6a73ddabbf74322a5807?s=96&d=mm&r=g","contentUrl":"https:\/\/secure.gravatar.com\/avatar\/14c19bb3bbce6a73ddabbf74322a5807?s=96&d=mm&r=g","caption":"Portal Justi\u00e7a"},"url":"https:\/\/ajustica.net\/index.php\/author\/justica\/"}]}},"_links":{"self":[{"href":"https:\/\/ajustica.net\/index.php\/wp-json\/wp\/v2\/posts\/4994"}],"collection":[{"href":"https:\/\/ajustica.net\/index.php\/wp-json\/wp\/v2\/posts"}],"about":[{"href":"https:\/\/ajustica.net\/index.php\/wp-json\/wp\/v2\/types\/post"}],"author":[{"embeddable":true,"href":"https:\/\/ajustica.net\/index.php\/wp-json\/wp\/v2\/users\/3"}],"replies":[{"embeddable":true,"href":"https:\/\/ajustica.net\/index.php\/wp-json\/wp\/v2\/comments?post=4994"}],"version-history":[{"count":1,"href":"https:\/\/ajustica.net\/index.php\/wp-json\/wp\/v2\/posts\/4994\/revisions"}],"predecessor-version":[{"id":4996,"href":"https:\/\/ajustica.net\/index.php\/wp-json\/wp\/v2\/posts\/4994\/revisions\/4996"}],"wp:featuredmedia":[{"embeddable":true,"href":"https:\/\/ajustica.net\/index.php\/wp-json\/wp\/v2\/media\/4995"}],"wp:attachment":[{"href":"https:\/\/ajustica.net\/index.php\/wp-json\/wp\/v2\/media?parent=4994"}],"wp:term":[{"taxonomy":"category","embeddable":true,"href":"https:\/\/ajustica.net\/index.php\/wp-json\/wp\/v2\/categories?post=4994"},{"taxonomy":"post_tag","embeddable":true,"href":"https:\/\/ajustica.net\/index.php\/wp-json\/wp\/v2\/tags?post=4994"}],"curies":[{"name":"wp","href":"https:\/\/api.w.org\/{rel}","templated":true}]}}