{"id":4992,"date":"2026-04-28T07:24:32","date_gmt":"2026-04-28T10:24:32","guid":{"rendered":"https:\/\/ajustica.net\/?p=4992"},"modified":"2026-04-28T07:24:32","modified_gmt":"2026-04-28T10:24:32","slug":"tensao-no-mpla-residencia-de-higino-carneiro-sob-alegada-vigilancia-dos-servicos-de-inteligencia","status":"publish","type":"post","link":"https:\/\/ajustica.net\/index.php\/2026\/04\/28\/tensao-no-mpla-residencia-de-higino-carneiro-sob-alegada-vigilancia-dos-servicos-de-inteligencia\/","title":{"rendered":"TENS\u00c3O NO MPLA: RESID\u00caNCIA DE HIGINO CARNEIRO SOB ALEGADA VIGIL\u00c2NCIA DOS SERVI\u00c7OS DE INTELIG\u00caNCIA"},"content":{"rendered":"\n<p>A resid\u00eancia do general na reforma Francisco Higino Lopes Carneiro estar\u00e1, alegadamente, sob vigil\u00e2ncia refor\u00e7ada dos servi\u00e7os de intelig\u00eancia, num momento em que cresce a tens\u00e3o interna no MPLA, ap\u00f3s o an\u00fancio da sua inten\u00e7\u00e3o de concorrer \u00e0 lideran\u00e7a do partido.<\/p>\n\n\n\n<p>De acordo com informa\u00e7\u00f5es avan\u00e7adas pelo portal Imparcial Press, a monitoriza\u00e7\u00e3o envolver\u00e1 estruturas ligadas ao Servi\u00e7o de Intelig\u00eancia e Seguran\u00e7a de Estado, liderado por Fernando Garcia Miala, e poder\u00e1 contar tamb\u00e9m com o envolvimento de figuras como Francisco Furtado, Jos\u00e9 Tavares e Norberto Garcia.<\/p>\n\n\n\n<p>As mesmas fontes referem a utiliza\u00e7\u00e3o de meios tecnol\u00f3gicos, incluindo drones, bem como a presen\u00e7a de viaturas n\u00e3o identificadas nas imedia\u00e7\u00f5es da resid\u00eancia, com o objectivo de acompanhar movimentos e actividades do general.<\/p>\n\n\n\n<p>Figura influente no panorama pol\u00edtico-militar angolano, Higino Carneiro tem vindo a afirmar-se como potencial candidato \u00e0 presid\u00eancia do MPLA, embora o processo de formaliza\u00e7\u00e3o da candidatura ainda esteja em curso.<\/p>\n\n\n\n<p>Nos \u00faltimos tempos, o seu nome tem estado associado a diferentes processos medi\u00e1ticos e judiciais, no quadro das ac\u00e7\u00f5es de combate \u00e0 corrup\u00e7\u00e3o. Analistas entendem que este contexto poder\u00e1 influenciar o seu posicionamento dentro do partido.<\/p>\n\n\n\n<p>Ainda segundo o Imparcial Press, desde 2024, ap\u00f3s ter manifestado publicamente a inten\u00e7\u00e3o de disputar a lideran\u00e7a do partido, o general ter\u00e1 passado a integrar uma lista de personalidades acompanhadas de perto pelos servi\u00e7os de intelig\u00eancia, que inclui membros da oposi\u00e7\u00e3o, figuras do pr\u00f3prio MPLA, jornalistas e activistas.<\/p>\n\n\n\n<p>SOB ALEGADA VIGIL\u00c2NCIA DOS SERVI\u00c7OS DE INTELIG\u00caNCIA<\/p>\n\n\n\n<p>A resid\u00eancia do general na reforma Francisco Higino Lopes Carneiro estar\u00e1, alegadamente, sob vigil\u00e2ncia refor\u00e7ada dos servi\u00e7os de intelig\u00eancia, num momento em que cresce a tens\u00e3o interna no MPLA, ap\u00f3s o an\u00fancio da sua inten\u00e7\u00e3o de concorrer \u00e0 lideran\u00e7a do partido.<\/p>\n\n\n\n<p>De acordo com informa\u00e7\u00f5es avan\u00e7adas pelo portal Imparcial Press, a monitoriza\u00e7\u00e3o envolver\u00e1 estruturas ligadas ao Servi\u00e7o de Intelig\u00eancia e Seguran\u00e7a de Estado, liderado por Fernando Garcia Miala, e poder\u00e1 contar tamb\u00e9m com o envolvimento de figuras como Francisco Furtado, Jos\u00e9 Tavares e Norberto Garcia.<\/p>\n\n\n\n<p>As mesmas fontes referem a utiliza\u00e7\u00e3o de meios tecnol\u00f3gicos, incluindo drones, bem como a presen\u00e7a de viaturas n\u00e3o identificadas nas imedia\u00e7\u00f5es da resid\u00eancia, com o objectivo de acompanhar movimentos e actividades do general.<\/p>\n\n\n\n<p>Figura influente no panorama pol\u00edtico-militar angolano, Higino Carneiro tem vindo a afirmar-se como potencial candidato \u00e0 presid\u00eancia do MPLA, embora o processo de formaliza\u00e7\u00e3o da candidatura ainda esteja em curso.<\/p>\n\n\n\n<p>Nos \u00faltimos tempos, o seu nome tem estado associado a diferentes processos medi\u00e1ticos e judiciais, no quadro das ac\u00e7\u00f5es de combate \u00e0 corrup\u00e7\u00e3o. Analistas entendem que este contexto poder\u00e1 influenciar o seu posicionamento dentro do partido.<\/p>\n\n\n\n<p>Ainda segundo o Imparcial Press, desde 2024, ap\u00f3s ter manifestado publicamente a inten\u00e7\u00e3o de disputar a lideran\u00e7a do partido, o general ter\u00e1 passado a integrar uma lista de personalidades acompanhadas de perto pelos servi\u00e7os de intelig\u00eancia, que inclui membros da oposi\u00e7\u00e3o, figuras do pr\u00f3prio MPLA, jornalistas e activistas.<\/p>\n","protected":false},"excerpt":{"rendered":"<p>A resid\u00eancia do general na reforma Francisco Higino Lopes Carneiro estar\u00e1, alegadamente, sob vigil\u00e2ncia refor\u00e7ada dos servi\u00e7os de intelig\u00eancia, num momento em que cresce a tens\u00e3o interna no MPLA, ap\u00f3s o an\u00fancio da sua inten\u00e7\u00e3o de concorrer \u00e0 lideran\u00e7a do partido. De acordo com informa\u00e7\u00f5es avan\u00e7adas pelo portal Imparcial Press, a monitoriza\u00e7\u00e3o envolver\u00e1 estruturas ligadas [&hellip;]<\/p>\n","protected":false},"author":3,"featured_media":4281,"comment_status":"open","ping_status":"open","sticky":false,"template":"","format":"standard","meta":{"footnotes":""},"categories":[2,5],"tags":[],"yoast_head":"<!-- This site is optimized with the Yoast SEO plugin v20.10 - https:\/\/yoast.com\/wordpress\/plugins\/seo\/ -->\n<title>TENS\u00c3O NO MPLA: RESID\u00caNCIA DE HIGINO CARNEIRO SOB ALEGADA VIGIL\u00c2NCIA DOS SERVI\u00c7OS DE INTELIG\u00caNCIA -<\/title>\n<meta name=\"robots\" content=\"index, follow, max-snippet:-1, max-image-preview:large, max-video-preview:-1\" \/>\n<link rel=\"canonical\" href=\"https:\/\/ajustica.net\/index.php\/2026\/04\/28\/tensao-no-mpla-residencia-de-higino-carneiro-sob-alegada-vigilancia-dos-servicos-de-inteligencia\/\" \/>\n<meta property=\"og:locale\" content=\"pt_BR\" \/>\n<meta property=\"og:type\" content=\"article\" \/>\n<meta property=\"og:title\" content=\"TENS\u00c3O NO MPLA: RESID\u00caNCIA DE HIGINO CARNEIRO SOB ALEGADA VIGIL\u00c2NCIA DOS SERVI\u00c7OS DE INTELIG\u00caNCIA -\" \/>\n<meta property=\"og:description\" content=\"A resid\u00eancia do general na reforma Francisco Higino Lopes Carneiro estar\u00e1, alegadamente, sob vigil\u00e2ncia refor\u00e7ada dos servi\u00e7os de intelig\u00eancia, num momento em que cresce a tens\u00e3o interna no MPLA, ap\u00f3s o an\u00fancio da sua inten\u00e7\u00e3o de concorrer \u00e0 lideran\u00e7a do partido. De acordo com informa\u00e7\u00f5es avan\u00e7adas pelo portal Imparcial Press, a monitoriza\u00e7\u00e3o envolver\u00e1 estruturas ligadas [&hellip;]\" \/>\n<meta property=\"og:url\" content=\"https:\/\/ajustica.net\/index.php\/2026\/04\/28\/tensao-no-mpla-residencia-de-higino-carneiro-sob-alegada-vigilancia-dos-servicos-de-inteligencia\/\" \/>\n<meta property=\"article:published_time\" content=\"2026-04-28T10:24:32+00:00\" \/>\n<meta property=\"og:image\" content=\"https:\/\/ajustica.net\/wp-content\/uploads\/2025\/12\/WhatsApp-Image-2024-04-18-at-09.25.39.jpeg\" \/>\n\t<meta property=\"og:image:width\" content=\"822\" \/>\n\t<meta property=\"og:image:height\" content=\"650\" \/>\n\t<meta property=\"og:image:type\" content=\"image\/jpeg\" \/>\n<meta name=\"author\" content=\"Portal Justi\u00e7a\" \/>\n<meta name=\"twitter:card\" content=\"summary_large_image\" \/>\n<meta name=\"twitter:label1\" content=\"Escrito por\" \/>\n\t<meta name=\"twitter:data1\" content=\"Portal Justi\u00e7a\" \/>\n\t<meta name=\"twitter:label2\" content=\"Est. tempo de leitura\" \/>\n\t<meta name=\"twitter:data2\" content=\"3 minutos\" \/>\n<script type=\"application\/ld+json\" class=\"yoast-schema-graph\">{\"@context\":\"https:\/\/schema.org\",\"@graph\":[{\"@type\":\"WebPage\",\"@id\":\"https:\/\/ajustica.net\/index.php\/2026\/04\/28\/tensao-no-mpla-residencia-de-higino-carneiro-sob-alegada-vigilancia-dos-servicos-de-inteligencia\/\",\"url\":\"https:\/\/ajustica.net\/index.php\/2026\/04\/28\/tensao-no-mpla-residencia-de-higino-carneiro-sob-alegada-vigilancia-dos-servicos-de-inteligencia\/\",\"name\":\"TENS\u00c3O NO MPLA: RESID\u00caNCIA DE HIGINO CARNEIRO SOB ALEGADA VIGIL\u00c2NCIA DOS SERVI\u00c7OS DE INTELIG\u00caNCIA -\",\"isPartOf\":{\"@id\":\"https:\/\/ajustica.net\/#website\"},\"datePublished\":\"2026-04-28T10:24:32+00:00\",\"dateModified\":\"2026-04-28T10:24:32+00:00\",\"author\":{\"@id\":\"https:\/\/ajustica.net\/#\/schema\/person\/e1f71ed49e0f63898db2951a6b747d62\"},\"breadcrumb\":{\"@id\":\"https:\/\/ajustica.net\/index.php\/2026\/04\/28\/tensao-no-mpla-residencia-de-higino-carneiro-sob-alegada-vigilancia-dos-servicos-de-inteligencia\/#breadcrumb\"},\"inLanguage\":\"pt-BR\",\"potentialAction\":[{\"@type\":\"ReadAction\",\"target\":[\"https:\/\/ajustica.net\/index.php\/2026\/04\/28\/tensao-no-mpla-residencia-de-higino-carneiro-sob-alegada-vigilancia-dos-servicos-de-inteligencia\/\"]}]},{\"@type\":\"BreadcrumbList\",\"@id\":\"https:\/\/ajustica.net\/index.php\/2026\/04\/28\/tensao-no-mpla-residencia-de-higino-carneiro-sob-alegada-vigilancia-dos-servicos-de-inteligencia\/#breadcrumb\",\"itemListElement\":[{\"@type\":\"ListItem\",\"position\":1,\"name\":\"In\u00edcio\",\"item\":\"https:\/\/ajustica.net\/\"},{\"@type\":\"ListItem\",\"position\":2,\"name\":\"TENS\u00c3O NO MPLA: RESID\u00caNCIA DE HIGINO CARNEIRO SOB ALEGADA VIGIL\u00c2NCIA DOS SERVI\u00c7OS DE INTELIG\u00caNCIA\"}]},{\"@type\":\"WebSite\",\"@id\":\"https:\/\/ajustica.net\/#website\",\"url\":\"https:\/\/ajustica.net\/\",\"name\":\"\",\"description\":\"Email Para Den\u00fancia: ajusticaa@gmail.com\",\"potentialAction\":[{\"@type\":\"SearchAction\",\"target\":{\"@type\":\"EntryPoint\",\"urlTemplate\":\"https:\/\/ajustica.net\/?s={search_term_string}\"},\"query-input\":\"required name=search_term_string\"}],\"inLanguage\":\"pt-BR\"},{\"@type\":\"Person\",\"@id\":\"https:\/\/ajustica.net\/#\/schema\/person\/e1f71ed49e0f63898db2951a6b747d62\",\"name\":\"Portal Justi\u00e7a\",\"image\":{\"@type\":\"ImageObject\",\"inLanguage\":\"pt-BR\",\"@id\":\"https:\/\/ajustica.net\/#\/schema\/person\/image\/\",\"url\":\"https:\/\/secure.gravatar.com\/avatar\/14c19bb3bbce6a73ddabbf74322a5807?s=96&d=mm&r=g\",\"contentUrl\":\"https:\/\/secure.gravatar.com\/avatar\/14c19bb3bbce6a73ddabbf74322a5807?s=96&d=mm&r=g\",\"caption\":\"Portal Justi\u00e7a\"},\"url\":\"https:\/\/ajustica.net\/index.php\/author\/justica\/\"}]}<\/script>\n<!-- \/ Yoast SEO plugin. -->","yoast_head_json":{"title":"TENS\u00c3O NO MPLA: RESID\u00caNCIA DE HIGINO CARNEIRO SOB ALEGADA VIGIL\u00c2NCIA DOS SERVI\u00c7OS DE INTELIG\u00caNCIA -","robots":{"index":"index","follow":"follow","max-snippet":"max-snippet:-1","max-image-preview":"max-image-preview:large","max-video-preview":"max-video-preview:-1"},"canonical":"https:\/\/ajustica.net\/index.php\/2026\/04\/28\/tensao-no-mpla-residencia-de-higino-carneiro-sob-alegada-vigilancia-dos-servicos-de-inteligencia\/","og_locale":"pt_BR","og_type":"article","og_title":"TENS\u00c3O NO MPLA: RESID\u00caNCIA DE HIGINO CARNEIRO SOB ALEGADA VIGIL\u00c2NCIA DOS SERVI\u00c7OS DE INTELIG\u00caNCIA -","og_description":"A resid\u00eancia do general na reforma Francisco Higino Lopes Carneiro estar\u00e1, alegadamente, sob vigil\u00e2ncia refor\u00e7ada dos servi\u00e7os de intelig\u00eancia, num momento em que cresce a tens\u00e3o interna no MPLA, ap\u00f3s o an\u00fancio da sua inten\u00e7\u00e3o de concorrer \u00e0 lideran\u00e7a do partido. De acordo com informa\u00e7\u00f5es avan\u00e7adas pelo portal Imparcial Press, a monitoriza\u00e7\u00e3o envolver\u00e1 estruturas ligadas [&hellip;]","og_url":"https:\/\/ajustica.net\/index.php\/2026\/04\/28\/tensao-no-mpla-residencia-de-higino-carneiro-sob-alegada-vigilancia-dos-servicos-de-inteligencia\/","article_published_time":"2026-04-28T10:24:32+00:00","og_image":[{"width":822,"height":650,"url":"https:\/\/ajustica.net\/wp-content\/uploads\/2025\/12\/WhatsApp-Image-2024-04-18-at-09.25.39.jpeg","type":"image\/jpeg"}],"author":"Portal Justi\u00e7a","twitter_card":"summary_large_image","twitter_misc":{"Escrito por":"Portal Justi\u00e7a","Est. tempo de leitura":"3 minutos"},"schema":{"@context":"https:\/\/schema.org","@graph":[{"@type":"WebPage","@id":"https:\/\/ajustica.net\/index.php\/2026\/04\/28\/tensao-no-mpla-residencia-de-higino-carneiro-sob-alegada-vigilancia-dos-servicos-de-inteligencia\/","url":"https:\/\/ajustica.net\/index.php\/2026\/04\/28\/tensao-no-mpla-residencia-de-higino-carneiro-sob-alegada-vigilancia-dos-servicos-de-inteligencia\/","name":"TENS\u00c3O NO MPLA: RESID\u00caNCIA DE HIGINO CARNEIRO SOB ALEGADA VIGIL\u00c2NCIA DOS SERVI\u00c7OS DE INTELIG\u00caNCIA -","isPartOf":{"@id":"https:\/\/ajustica.net\/#website"},"datePublished":"2026-04-28T10:24:32+00:00","dateModified":"2026-04-28T10:24:32+00:00","author":{"@id":"https:\/\/ajustica.net\/#\/schema\/person\/e1f71ed49e0f63898db2951a6b747d62"},"breadcrumb":{"@id":"https:\/\/ajustica.net\/index.php\/2026\/04\/28\/tensao-no-mpla-residencia-de-higino-carneiro-sob-alegada-vigilancia-dos-servicos-de-inteligencia\/#breadcrumb"},"inLanguage":"pt-BR","potentialAction":[{"@type":"ReadAction","target":["https:\/\/ajustica.net\/index.php\/2026\/04\/28\/tensao-no-mpla-residencia-de-higino-carneiro-sob-alegada-vigilancia-dos-servicos-de-inteligencia\/"]}]},{"@type":"BreadcrumbList","@id":"https:\/\/ajustica.net\/index.php\/2026\/04\/28\/tensao-no-mpla-residencia-de-higino-carneiro-sob-alegada-vigilancia-dos-servicos-de-inteligencia\/#breadcrumb","itemListElement":[{"@type":"ListItem","position":1,"name":"In\u00edcio","item":"https:\/\/ajustica.net\/"},{"@type":"ListItem","position":2,"name":"TENS\u00c3O NO MPLA: RESID\u00caNCIA DE HIGINO CARNEIRO SOB ALEGADA VIGIL\u00c2NCIA DOS SERVI\u00c7OS DE INTELIG\u00caNCIA"}]},{"@type":"WebSite","@id":"https:\/\/ajustica.net\/#website","url":"https:\/\/ajustica.net\/","name":"","description":"Email Para Den\u00fancia: ajusticaa@gmail.com","potentialAction":[{"@type":"SearchAction","target":{"@type":"EntryPoint","urlTemplate":"https:\/\/ajustica.net\/?s={search_term_string}"},"query-input":"required name=search_term_string"}],"inLanguage":"pt-BR"},{"@type":"Person","@id":"https:\/\/ajustica.net\/#\/schema\/person\/e1f71ed49e0f63898db2951a6b747d62","name":"Portal Justi\u00e7a","image":{"@type":"ImageObject","inLanguage":"pt-BR","@id":"https:\/\/ajustica.net\/#\/schema\/person\/image\/","url":"https:\/\/secure.gravatar.com\/avatar\/14c19bb3bbce6a73ddabbf74322a5807?s=96&d=mm&r=g","contentUrl":"https:\/\/secure.gravatar.com\/avatar\/14c19bb3bbce6a73ddabbf74322a5807?s=96&d=mm&r=g","caption":"Portal Justi\u00e7a"},"url":"https:\/\/ajustica.net\/index.php\/author\/justica\/"}]}},"_links":{"self":[{"href":"https:\/\/ajustica.net\/index.php\/wp-json\/wp\/v2\/posts\/4992"}],"collection":[{"href":"https:\/\/ajustica.net\/index.php\/wp-json\/wp\/v2\/posts"}],"about":[{"href":"https:\/\/ajustica.net\/index.php\/wp-json\/wp\/v2\/types\/post"}],"author":[{"embeddable":true,"href":"https:\/\/ajustica.net\/index.php\/wp-json\/wp\/v2\/users\/3"}],"replies":[{"embeddable":true,"href":"https:\/\/ajustica.net\/index.php\/wp-json\/wp\/v2\/comments?post=4992"}],"version-history":[{"count":1,"href":"https:\/\/ajustica.net\/index.php\/wp-json\/wp\/v2\/posts\/4992\/revisions"}],"predecessor-version":[{"id":4993,"href":"https:\/\/ajustica.net\/index.php\/wp-json\/wp\/v2\/posts\/4992\/revisions\/4993"}],"wp:featuredmedia":[{"embeddable":true,"href":"https:\/\/ajustica.net\/index.php\/wp-json\/wp\/v2\/media\/4281"}],"wp:attachment":[{"href":"https:\/\/ajustica.net\/index.php\/wp-json\/wp\/v2\/media?parent=4992"}],"wp:term":[{"taxonomy":"category","embeddable":true,"href":"https:\/\/ajustica.net\/index.php\/wp-json\/wp\/v2\/categories?post=4992"},{"taxonomy":"post_tag","embeddable":true,"href":"https:\/\/ajustica.net\/index.php\/wp-json\/wp\/v2\/tags?post=4992"}],"curies":[{"name":"wp","href":"https:\/\/api.w.org\/{rel}","templated":true}]}}