{"id":4988,"date":"2026-04-27T18:31:51","date_gmt":"2026-04-27T21:31:51","guid":{"rendered":"https:\/\/ajustica.net\/?p=4988"},"modified":"2026-04-27T18:31:52","modified_gmt":"2026-04-27T21:31:52","slug":"republica-democratica-do-congo-mobiliza-forca-paramilitar-para-minas-com-apoio-dos-eua-e-dubai","status":"publish","type":"post","link":"https:\/\/ajustica.net\/index.php\/2026\/04\/27\/republica-democratica-do-congo-mobiliza-forca-paramilitar-para-minas-com-apoio-dos-eua-e-dubai\/","title":{"rendered":"REP\u00daBLICA DEMOCR\u00c1TICA DO CONGO MOBILIZA FOR\u00c7A PARAMILITAR PARA MINAS COM APOIO DOS EUA E DUBAI"},"content":{"rendered":"\n<p>A Rep\u00fablica Democr\u00e1tica do Congo (RDCongo) vai mobilizar uma unidade paramilitar para proteger o setor mineiro, financiada com 100 milh\u00f5es de d\u00f3lares (85 milh\u00f5es de euros) pelos Estados Unidos e Emirados \u00c1rabes Unidos.<\/p>\n\n\n\n<p>A nova for\u00e7a, designada Guarda Mineira, dever\u00e1 mobilizar mais de 20.000 efetivos at\u00e9 2028 nas 22 prov\u00edncias mineiras do pais, segundo a Inspe\u00e7\u00e3o-Geral de Minas (IGM).<\/p>\n\n\n\n<p>&#8220;O objetivo \u00e9 sanear todo o setor mineiro, eliminando pr\u00e1ticas contr\u00e1rias \u00e0 boa governa\u00e7\u00e3o, transpar\u00eancia e rastreabilidade dos minerais&#8221;, afirmou o inspetor-geral das Minas, Rafael Kabengele, em comunicado.<\/p>\n\n\n\n<p>O programa &#8220;insere-se no \u00e2mbito das alian\u00e7as estrat\u00e9gicas com os Estados Unidos e os Emirados \u00c1rabes Unidos, e ser\u00e1 levado a cabo em instala\u00e7\u00f5es de treino que j\u00e1 est\u00e3o operacionais&#8221;, afirmou a IGM.<\/p>\n\n\n\n<p>O primeiro contingente, entre 2.500 e 3.000 agentes, ser\u00e1 recrutado a partir de maio, &#8220;atrav\u00e9s de um processo rigoroso de sele\u00e7\u00e3o&#8221; e estar\u00e1 sujeito a um programa de forma\u00e7\u00e3o intensiva de seis meses, devendo ser destacado at\u00e9 ao final do ano.<\/p>\n\n\n\n<p>De acordo com o calend\u00e1rio da IGM, as regi\u00f5es do Grande Katanga (sul) e Grande Oriental (nordeste) dever\u00e3o estar totalmente cobertas at\u00e9 ao final de 2027, com extens\u00e3o a todas as zonas mineiras at\u00e9 2028.<\/p>\n\n\n\n<p>A for\u00e7a ser\u00e1 respons\u00e1vel pela seguran\u00e7a das explora\u00e7\u00f5es, transporte de minerais e substitui\u00e7\u00e3o de militares atualmente destacados nas \u00e1reas mineiras.<\/p>\n\n\n\n<p>O programa insere-se num contexto de crescente concorr\u00eancia global pelo acesso a minerais estrat\u00e9gicos como o cobalto e o coltan, essenciais para a ind\u00fastria tecnol\u00f3gica.<\/p>\n\n\n\n<p>Em dezembro, os Estados Unidos patrocinaram um acordo entre a RDCongo e o Ruanda, que inclui uma vertente econ\u00f3mica com acesso preferencial a recursos minerais, num cen\u00e1rio de tens\u00e3o no leste do pa\u00eds, onde atua o grupo rebelde Movimento 23 de Mar\u00e7o (M23).<\/p>\n\n\n\n<p>Outro exemplo desta disputa \u00e9 o Corredor do Lobito, infraestrutura apoiada por pa\u00edses ocidentais pa\u0433a facilitar o escoamento de minerais da RDCongo e da Z\u00e2mbia atrav\u00e9s de Angola, competindo com a influ\u00eancia da China na regi\u00e3o.<\/p>\n","protected":false},"excerpt":{"rendered":"<p>A Rep\u00fablica Democr\u00e1tica do Congo (RDCongo) vai mobilizar uma unidade paramilitar para proteger o setor mineiro, financiada com 100 milh\u00f5es de d\u00f3lares (85 milh\u00f5es de euros) pelos Estados Unidos e Emirados \u00c1rabes Unidos. A nova for\u00e7a, designada Guarda Mineira, dever\u00e1 mobilizar mais de 20.000 efetivos at\u00e9 2028 nas 22 prov\u00edncias mineiras do pais, segundo a [&hellip;]<\/p>\n","protected":false},"author":3,"featured_media":4989,"comment_status":"open","ping_status":"open","sticky":false,"template":"","format":"standard","meta":{"footnotes":""},"categories":[2,6],"tags":[],"yoast_head":"<!-- This site is optimized with the Yoast SEO plugin v20.10 - https:\/\/yoast.com\/wordpress\/plugins\/seo\/ -->\n<title>REP\u00daBLICA DEMOCR\u00c1TICA DO CONGO MOBILIZA FOR\u00c7A PARAMILITAR PARA MINAS COM APOIO DOS EUA E DUBAI -<\/title>\n<meta name=\"robots\" content=\"index, follow, max-snippet:-1, max-image-preview:large, max-video-preview:-1\" \/>\n<link rel=\"canonical\" href=\"https:\/\/ajustica.net\/index.php\/2026\/04\/27\/republica-democratica-do-congo-mobiliza-forca-paramilitar-para-minas-com-apoio-dos-eua-e-dubai\/\" \/>\n<meta property=\"og:locale\" content=\"pt_BR\" \/>\n<meta property=\"og:type\" content=\"article\" \/>\n<meta property=\"og:title\" content=\"REP\u00daBLICA DEMOCR\u00c1TICA DO CONGO MOBILIZA FOR\u00c7A PARAMILITAR PARA MINAS COM APOIO DOS EUA E DUBAI -\" \/>\n<meta property=\"og:description\" content=\"A Rep\u00fablica Democr\u00e1tica do Congo (RDCongo) vai mobilizar uma unidade paramilitar para proteger o setor mineiro, financiada com 100 milh\u00f5es de d\u00f3lares (85 milh\u00f5es de euros) pelos Estados Unidos e Emirados \u00c1rabes Unidos. A nova for\u00e7a, designada Guarda Mineira, dever\u00e1 mobilizar mais de 20.000 efetivos at\u00e9 2028 nas 22 prov\u00edncias mineiras do pais, segundo a [&hellip;]\" \/>\n<meta property=\"og:url\" content=\"https:\/\/ajustica.net\/index.php\/2026\/04\/27\/republica-democratica-do-congo-mobiliza-forca-paramilitar-para-minas-com-apoio-dos-eua-e-dubai\/\" \/>\n<meta property=\"article:published_time\" content=\"2026-04-27T21:31:51+00:00\" \/>\n<meta property=\"article:modified_time\" content=\"2026-04-27T21:31:52+00:00\" \/>\n<meta property=\"og:image\" content=\"https:\/\/ajustica.net\/wp-content\/uploads\/2026\/04\/59374cf5374b2bf3a85bdbc1577294a3_M.jpg\" \/>\n\t<meta property=\"og:image:width\" content=\"659\" \/>\n\t<meta property=\"og:image:height\" content=\"439\" \/>\n\t<meta property=\"og:image:type\" content=\"image\/jpeg\" \/>\n<meta name=\"author\" content=\"Portal Justi\u00e7a\" \/>\n<meta name=\"twitter:card\" content=\"summary_large_image\" \/>\n<meta name=\"twitter:label1\" content=\"Escrito por\" \/>\n\t<meta name=\"twitter:data1\" content=\"Portal Justi\u00e7a\" \/>\n\t<meta name=\"twitter:label2\" content=\"Est. tempo de leitura\" \/>\n\t<meta name=\"twitter:data2\" content=\"2 minutos\" \/>\n<script type=\"application\/ld+json\" class=\"yoast-schema-graph\">{\"@context\":\"https:\/\/schema.org\",\"@graph\":[{\"@type\":\"WebPage\",\"@id\":\"https:\/\/ajustica.net\/index.php\/2026\/04\/27\/republica-democratica-do-congo-mobiliza-forca-paramilitar-para-minas-com-apoio-dos-eua-e-dubai\/\",\"url\":\"https:\/\/ajustica.net\/index.php\/2026\/04\/27\/republica-democratica-do-congo-mobiliza-forca-paramilitar-para-minas-com-apoio-dos-eua-e-dubai\/\",\"name\":\"REP\u00daBLICA DEMOCR\u00c1TICA DO CONGO MOBILIZA FOR\u00c7A PARAMILITAR PARA MINAS COM APOIO DOS EUA E DUBAI -\",\"isPartOf\":{\"@id\":\"https:\/\/ajustica.net\/#website\"},\"datePublished\":\"2026-04-27T21:31:51+00:00\",\"dateModified\":\"2026-04-27T21:31:52+00:00\",\"author\":{\"@id\":\"https:\/\/ajustica.net\/#\/schema\/person\/e1f71ed49e0f63898db2951a6b747d62\"},\"breadcrumb\":{\"@id\":\"https:\/\/ajustica.net\/index.php\/2026\/04\/27\/republica-democratica-do-congo-mobiliza-forca-paramilitar-para-minas-com-apoio-dos-eua-e-dubai\/#breadcrumb\"},\"inLanguage\":\"pt-BR\",\"potentialAction\":[{\"@type\":\"ReadAction\",\"target\":[\"https:\/\/ajustica.net\/index.php\/2026\/04\/27\/republica-democratica-do-congo-mobiliza-forca-paramilitar-para-minas-com-apoio-dos-eua-e-dubai\/\"]}]},{\"@type\":\"BreadcrumbList\",\"@id\":\"https:\/\/ajustica.net\/index.php\/2026\/04\/27\/republica-democratica-do-congo-mobiliza-forca-paramilitar-para-minas-com-apoio-dos-eua-e-dubai\/#breadcrumb\",\"itemListElement\":[{\"@type\":\"ListItem\",\"position\":1,\"name\":\"In\u00edcio\",\"item\":\"https:\/\/ajustica.net\/\"},{\"@type\":\"ListItem\",\"position\":2,\"name\":\"REP\u00daBLICA DEMOCR\u00c1TICA DO CONGO MOBILIZA FOR\u00c7A PARAMILITAR PARA MINAS COM APOIO DOS EUA E DUBAI\"}]},{\"@type\":\"WebSite\",\"@id\":\"https:\/\/ajustica.net\/#website\",\"url\":\"https:\/\/ajustica.net\/\",\"name\":\"\",\"description\":\"Email Para Den\u00fancia: ajusticaa@gmail.com\",\"potentialAction\":[{\"@type\":\"SearchAction\",\"target\":{\"@type\":\"EntryPoint\",\"urlTemplate\":\"https:\/\/ajustica.net\/?s={search_term_string}\"},\"query-input\":\"required name=search_term_string\"}],\"inLanguage\":\"pt-BR\"},{\"@type\":\"Person\",\"@id\":\"https:\/\/ajustica.net\/#\/schema\/person\/e1f71ed49e0f63898db2951a6b747d62\",\"name\":\"Portal Justi\u00e7a\",\"image\":{\"@type\":\"ImageObject\",\"inLanguage\":\"pt-BR\",\"@id\":\"https:\/\/ajustica.net\/#\/schema\/person\/image\/\",\"url\":\"https:\/\/secure.gravatar.com\/avatar\/14c19bb3bbce6a73ddabbf74322a5807?s=96&d=mm&r=g\",\"contentUrl\":\"https:\/\/secure.gravatar.com\/avatar\/14c19bb3bbce6a73ddabbf74322a5807?s=96&d=mm&r=g\",\"caption\":\"Portal Justi\u00e7a\"},\"url\":\"https:\/\/ajustica.net\/index.php\/author\/justica\/\"}]}<\/script>\n<!-- \/ Yoast SEO plugin. -->","yoast_head_json":{"title":"REP\u00daBLICA DEMOCR\u00c1TICA DO CONGO MOBILIZA FOR\u00c7A PARAMILITAR PARA MINAS COM APOIO DOS EUA E DUBAI -","robots":{"index":"index","follow":"follow","max-snippet":"max-snippet:-1","max-image-preview":"max-image-preview:large","max-video-preview":"max-video-preview:-1"},"canonical":"https:\/\/ajustica.net\/index.php\/2026\/04\/27\/republica-democratica-do-congo-mobiliza-forca-paramilitar-para-minas-com-apoio-dos-eua-e-dubai\/","og_locale":"pt_BR","og_type":"article","og_title":"REP\u00daBLICA DEMOCR\u00c1TICA DO CONGO MOBILIZA FOR\u00c7A PARAMILITAR PARA MINAS COM APOIO DOS EUA E DUBAI -","og_description":"A Rep\u00fablica Democr\u00e1tica do Congo (RDCongo) vai mobilizar uma unidade paramilitar para proteger o setor mineiro, financiada com 100 milh\u00f5es de d\u00f3lares (85 milh\u00f5es de euros) pelos Estados Unidos e Emirados \u00c1rabes Unidos. A nova for\u00e7a, designada Guarda Mineira, dever\u00e1 mobilizar mais de 20.000 efetivos at\u00e9 2028 nas 22 prov\u00edncias mineiras do pais, segundo a [&hellip;]","og_url":"https:\/\/ajustica.net\/index.php\/2026\/04\/27\/republica-democratica-do-congo-mobiliza-forca-paramilitar-para-minas-com-apoio-dos-eua-e-dubai\/","article_published_time":"2026-04-27T21:31:51+00:00","article_modified_time":"2026-04-27T21:31:52+00:00","og_image":[{"width":659,"height":439,"url":"https:\/\/ajustica.net\/wp-content\/uploads\/2026\/04\/59374cf5374b2bf3a85bdbc1577294a3_M.jpg","type":"image\/jpeg"}],"author":"Portal Justi\u00e7a","twitter_card":"summary_large_image","twitter_misc":{"Escrito por":"Portal Justi\u00e7a","Est. tempo de leitura":"2 minutos"},"schema":{"@context":"https:\/\/schema.org","@graph":[{"@type":"WebPage","@id":"https:\/\/ajustica.net\/index.php\/2026\/04\/27\/republica-democratica-do-congo-mobiliza-forca-paramilitar-para-minas-com-apoio-dos-eua-e-dubai\/","url":"https:\/\/ajustica.net\/index.php\/2026\/04\/27\/republica-democratica-do-congo-mobiliza-forca-paramilitar-para-minas-com-apoio-dos-eua-e-dubai\/","name":"REP\u00daBLICA DEMOCR\u00c1TICA DO CONGO MOBILIZA FOR\u00c7A PARAMILITAR PARA MINAS COM APOIO DOS EUA E DUBAI -","isPartOf":{"@id":"https:\/\/ajustica.net\/#website"},"datePublished":"2026-04-27T21:31:51+00:00","dateModified":"2026-04-27T21:31:52+00:00","author":{"@id":"https:\/\/ajustica.net\/#\/schema\/person\/e1f71ed49e0f63898db2951a6b747d62"},"breadcrumb":{"@id":"https:\/\/ajustica.net\/index.php\/2026\/04\/27\/republica-democratica-do-congo-mobiliza-forca-paramilitar-para-minas-com-apoio-dos-eua-e-dubai\/#breadcrumb"},"inLanguage":"pt-BR","potentialAction":[{"@type":"ReadAction","target":["https:\/\/ajustica.net\/index.php\/2026\/04\/27\/republica-democratica-do-congo-mobiliza-forca-paramilitar-para-minas-com-apoio-dos-eua-e-dubai\/"]}]},{"@type":"BreadcrumbList","@id":"https:\/\/ajustica.net\/index.php\/2026\/04\/27\/republica-democratica-do-congo-mobiliza-forca-paramilitar-para-minas-com-apoio-dos-eua-e-dubai\/#breadcrumb","itemListElement":[{"@type":"ListItem","position":1,"name":"In\u00edcio","item":"https:\/\/ajustica.net\/"},{"@type":"ListItem","position":2,"name":"REP\u00daBLICA DEMOCR\u00c1TICA DO CONGO MOBILIZA FOR\u00c7A PARAMILITAR PARA MINAS COM APOIO DOS EUA E DUBAI"}]},{"@type":"WebSite","@id":"https:\/\/ajustica.net\/#website","url":"https:\/\/ajustica.net\/","name":"","description":"Email Para Den\u00fancia: ajusticaa@gmail.com","potentialAction":[{"@type":"SearchAction","target":{"@type":"EntryPoint","urlTemplate":"https:\/\/ajustica.net\/?s={search_term_string}"},"query-input":"required name=search_term_string"}],"inLanguage":"pt-BR"},{"@type":"Person","@id":"https:\/\/ajustica.net\/#\/schema\/person\/e1f71ed49e0f63898db2951a6b747d62","name":"Portal Justi\u00e7a","image":{"@type":"ImageObject","inLanguage":"pt-BR","@id":"https:\/\/ajustica.net\/#\/schema\/person\/image\/","url":"https:\/\/secure.gravatar.com\/avatar\/14c19bb3bbce6a73ddabbf74322a5807?s=96&d=mm&r=g","contentUrl":"https:\/\/secure.gravatar.com\/avatar\/14c19bb3bbce6a73ddabbf74322a5807?s=96&d=mm&r=g","caption":"Portal Justi\u00e7a"},"url":"https:\/\/ajustica.net\/index.php\/author\/justica\/"}]}},"_links":{"self":[{"href":"https:\/\/ajustica.net\/index.php\/wp-json\/wp\/v2\/posts\/4988"}],"collection":[{"href":"https:\/\/ajustica.net\/index.php\/wp-json\/wp\/v2\/posts"}],"about":[{"href":"https:\/\/ajustica.net\/index.php\/wp-json\/wp\/v2\/types\/post"}],"author":[{"embeddable":true,"href":"https:\/\/ajustica.net\/index.php\/wp-json\/wp\/v2\/users\/3"}],"replies":[{"embeddable":true,"href":"https:\/\/ajustica.net\/index.php\/wp-json\/wp\/v2\/comments?post=4988"}],"version-history":[{"count":1,"href":"https:\/\/ajustica.net\/index.php\/wp-json\/wp\/v2\/posts\/4988\/revisions"}],"predecessor-version":[{"id":4990,"href":"https:\/\/ajustica.net\/index.php\/wp-json\/wp\/v2\/posts\/4988\/revisions\/4990"}],"wp:featuredmedia":[{"embeddable":true,"href":"https:\/\/ajustica.net\/index.php\/wp-json\/wp\/v2\/media\/4989"}],"wp:attachment":[{"href":"https:\/\/ajustica.net\/index.php\/wp-json\/wp\/v2\/media?parent=4988"}],"wp:term":[{"taxonomy":"category","embeddable":true,"href":"https:\/\/ajustica.net\/index.php\/wp-json\/wp\/v2\/categories?post=4988"},{"taxonomy":"post_tag","embeddable":true,"href":"https:\/\/ajustica.net\/index.php\/wp-json\/wp\/v2\/tags?post=4988"}],"curies":[{"name":"wp","href":"https:\/\/api.w.org\/{rel}","templated":true}]}}