{"id":4985,"date":"2026-04-27T18:29:36","date_gmt":"2026-04-27T21:29:36","guid":{"rendered":"https:\/\/ajustica.net\/?p=4985"},"modified":"2026-04-27T18:29:37","modified_gmt":"2026-04-27T21:29:37","slug":"presidente-do-tribunal-supremo-recebido-na-embaixada-de-angola-no-brasil","status":"publish","type":"post","link":"https:\/\/ajustica.net\/index.php\/2026\/04\/27\/presidente-do-tribunal-supremo-recebido-na-embaixada-de-angola-no-brasil\/","title":{"rendered":"PRESIDENTE DO TRIBUNAL SUPREMO RECEBIDO NA EMBAIXADA DE ANGOLA NO BRASIL"},"content":{"rendered":"\n<p>A Embaixada de Angola no Brasil recebeu o juiz Presidente do Tribunal Supremo, Norberto Sodr\u00e9, durante uma visita \u00e0s instala\u00e7\u00f5es daquela Miss\u00e3o Diplom\u00e1tica.<\/p>\n\n\n\n<p>A recep\u00e7\u00e3o foi feita pelo embaixador de Angola no Brasil, Manuel Eduardo Bravo, e por diplomatas da miss\u00e3o, informa uma nota enviada ao JA Online.<\/p>\n\n\n\n<p>Durante a desloca\u00e7\u00e3o, o magistrado percorreu as depend\u00eancias da representa\u00e7\u00e3o diplom\u00e1tica angolana e teve um encontro privado com o Chefe daquela miss\u00e3o de Angola no Brasil.<\/p>\n\n\n\n<p>Na ocasi\u00e3o, foram abordadas quest\u00f5es de interesse institucional com destaque para o refor\u00e7o da coopera\u00e7\u00e3o no dom\u00ednio jur\u00eddico entre ambos pa\u00edses.<\/p>\n\n\n\n<p>A presen\u00e7a do juiz Presidente do Tribunal Supremo em territ\u00f3rio brasileiro insere-se na participa\u00e7\u00e3o no XII Congresso Internacional de Direito na Lusofonia, que decorre em Bras\u00edlia, reunindo juristas, acad\u00e9micos e especialistas do&nbsp;espa\u00e7o lus\u00f3fono para debater temas relevantes do Direito contempor\u00e2neo.<\/p>\n\n\n\n<p>Na agenda oficial de Norberto Sodr\u00e9 est\u00e3o tamb\u00e9m previstas visitas ao Superior Tribunal Militar, incluindo um encontro de cortesia com a Presidente da institui\u00e7\u00e3o, bem como uma participa\u00e7\u00e3o na sess\u00e3o solene de abertura do congresso.<\/p>\n\n\n\n<p>A programa\u00e7\u00e3o do evento contar\u00e1, igualmente, com altas figuras do sistema judicial e das For\u00e7as Armadas Angolanas, nomeadamente a ju\u00edza conselheira presidente do Tribunal Constitucional, Laurinda Cardoso; o juiz presidente do Tribunal Supremo Militar, general Cristo Ant\u00f3nio Salvador Alberto; o Chefe do Estado-Maior General das For\u00e7as Armadas Angolanas, general Altino dos Santos; bem como o vice-Procurador-Geral da Rep\u00fablica para a esfera militar e Procurador Militar das FAA, Filomeno Benedito.<\/p>\n\n\n\n<p>No primeiro dia, o programa contempla interven\u00e7\u00f5es distribu\u00eddas por diferentes mesas tem\u00e1ticas, com destaque para a apresenta\u00e7\u00e3o do livro \u201cAtlas dos IX e X Congressos de Direito na Lusofonia\u201d e o lan\u00e7amento da Revista de Direito Lus\u00f3fono (RDL), culminando com actividades protocolares ao final do dia.<\/p>\n\n\n\n<p>J\u00e1 para o dia 28 de Abril, a agenda prev\u00ea novas sess\u00f5es de interven\u00e7\u00f5es no plen\u00e1rio e audit\u00f3rio do Superior Tribunal Militar, incluindo debates acad\u00e9micos e a apresenta\u00e7\u00e3o da obra \u201cCrime e Castigo ou Repara\u00e7\u00e3o? Para um Direito Penal de Reconcilia\u00e7\u00e3o\u201d, refor\u00e7ando o interc\u00e2mbio de conhecimentos jur\u00eddicos no espa\u00e7o lus\u00f3fono.<\/p>\n\n\n\n<p>O documento conclui, ainda, que a participa\u00e7\u00e3o nacional no evento sublinha o compromisso do pa\u00eds com o fortalecimento das institui\u00e7\u00f5es judiciais e com a promo\u00e7\u00e3o do di\u00e1logo jur\u00eddico internacional.&nbsp;<\/p>\n","protected":false},"excerpt":{"rendered":"<p>A Embaixada de Angola no Brasil recebeu o juiz Presidente do Tribunal Supremo, Norberto Sodr\u00e9, durante uma visita \u00e0s instala\u00e7\u00f5es daquela Miss\u00e3o Diplom\u00e1tica. A recep\u00e7\u00e3o foi feita pelo embaixador de Angola no Brasil, Manuel Eduardo Bravo, e por diplomatas da miss\u00e3o, informa uma nota enviada ao JA Online. Durante a desloca\u00e7\u00e3o, o magistrado percorreu as [&hellip;]<\/p>\n","protected":false},"author":3,"featured_media":4986,"comment_status":"open","ping_status":"open","sticky":false,"template":"","format":"standard","meta":{"footnotes":""},"categories":[3,2],"tags":[],"yoast_head":"<!-- This site is optimized with the Yoast SEO plugin v20.10 - https:\/\/yoast.com\/wordpress\/plugins\/seo\/ -->\n<title>PRESIDENTE DO TRIBUNAL SUPREMO RECEBIDO NA EMBAIXADA DE ANGOLA NO BRASIL -<\/title>\n<meta name=\"robots\" content=\"index, follow, max-snippet:-1, max-image-preview:large, max-video-preview:-1\" \/>\n<link rel=\"canonical\" href=\"https:\/\/ajustica.net\/index.php\/2026\/04\/27\/presidente-do-tribunal-supremo-recebido-na-embaixada-de-angola-no-brasil\/\" \/>\n<meta property=\"og:locale\" content=\"pt_BR\" \/>\n<meta property=\"og:type\" content=\"article\" \/>\n<meta property=\"og:title\" content=\"PRESIDENTE DO TRIBUNAL SUPREMO RECEBIDO NA EMBAIXADA DE ANGOLA NO BRASIL -\" \/>\n<meta property=\"og:description\" content=\"A Embaixada de Angola no Brasil recebeu o juiz Presidente do Tribunal Supremo, Norberto Sodr\u00e9, durante uma visita \u00e0s instala\u00e7\u00f5es daquela Miss\u00e3o Diplom\u00e1tica. A recep\u00e7\u00e3o foi feita pelo embaixador de Angola no Brasil, Manuel Eduardo Bravo, e por diplomatas da miss\u00e3o, informa uma nota enviada ao JA Online. Durante a desloca\u00e7\u00e3o, o magistrado percorreu as [&hellip;]\" \/>\n<meta property=\"og:url\" content=\"https:\/\/ajustica.net\/index.php\/2026\/04\/27\/presidente-do-tribunal-supremo-recebido-na-embaixada-de-angola-no-brasil\/\" \/>\n<meta property=\"article:published_time\" content=\"2026-04-27T21:29:36+00:00\" \/>\n<meta property=\"article:modified_time\" content=\"2026-04-27T21:29:37+00:00\" \/>\n<meta property=\"og:image\" content=\"https:\/\/ajustica.net\/wp-content\/uploads\/2026\/04\/transferir-37.jpg\" \/>\n\t<meta property=\"og:image:width\" content=\"2560\" \/>\n\t<meta property=\"og:image:height\" content=\"1695\" \/>\n\t<meta property=\"og:image:type\" content=\"image\/jpeg\" \/>\n<meta name=\"author\" content=\"Portal Justi\u00e7a\" \/>\n<meta name=\"twitter:card\" content=\"summary_large_image\" \/>\n<meta name=\"twitter:label1\" content=\"Escrito por\" \/>\n\t<meta name=\"twitter:data1\" content=\"Portal Justi\u00e7a\" \/>\n\t<meta name=\"twitter:label2\" content=\"Est. tempo de leitura\" \/>\n\t<meta name=\"twitter:data2\" content=\"3 minutos\" \/>\n<script type=\"application\/ld+json\" class=\"yoast-schema-graph\">{\"@context\":\"https:\/\/schema.org\",\"@graph\":[{\"@type\":\"WebPage\",\"@id\":\"https:\/\/ajustica.net\/index.php\/2026\/04\/27\/presidente-do-tribunal-supremo-recebido-na-embaixada-de-angola-no-brasil\/\",\"url\":\"https:\/\/ajustica.net\/index.php\/2026\/04\/27\/presidente-do-tribunal-supremo-recebido-na-embaixada-de-angola-no-brasil\/\",\"name\":\"PRESIDENTE DO TRIBUNAL SUPREMO RECEBIDO NA EMBAIXADA DE ANGOLA NO BRASIL -\",\"isPartOf\":{\"@id\":\"https:\/\/ajustica.net\/#website\"},\"datePublished\":\"2026-04-27T21:29:36+00:00\",\"dateModified\":\"2026-04-27T21:29:37+00:00\",\"author\":{\"@id\":\"https:\/\/ajustica.net\/#\/schema\/person\/e1f71ed49e0f63898db2951a6b747d62\"},\"breadcrumb\":{\"@id\":\"https:\/\/ajustica.net\/index.php\/2026\/04\/27\/presidente-do-tribunal-supremo-recebido-na-embaixada-de-angola-no-brasil\/#breadcrumb\"},\"inLanguage\":\"pt-BR\",\"potentialAction\":[{\"@type\":\"ReadAction\",\"target\":[\"https:\/\/ajustica.net\/index.php\/2026\/04\/27\/presidente-do-tribunal-supremo-recebido-na-embaixada-de-angola-no-brasil\/\"]}]},{\"@type\":\"BreadcrumbList\",\"@id\":\"https:\/\/ajustica.net\/index.php\/2026\/04\/27\/presidente-do-tribunal-supremo-recebido-na-embaixada-de-angola-no-brasil\/#breadcrumb\",\"itemListElement\":[{\"@type\":\"ListItem\",\"position\":1,\"name\":\"In\u00edcio\",\"item\":\"https:\/\/ajustica.net\/\"},{\"@type\":\"ListItem\",\"position\":2,\"name\":\"PRESIDENTE DO TRIBUNAL SUPREMO RECEBIDO NA EMBAIXADA DE ANGOLA NO BRASIL\"}]},{\"@type\":\"WebSite\",\"@id\":\"https:\/\/ajustica.net\/#website\",\"url\":\"https:\/\/ajustica.net\/\",\"name\":\"\",\"description\":\"Email Para Den\u00fancia: ajusticaa@gmail.com\",\"potentialAction\":[{\"@type\":\"SearchAction\",\"target\":{\"@type\":\"EntryPoint\",\"urlTemplate\":\"https:\/\/ajustica.net\/?s={search_term_string}\"},\"query-input\":\"required name=search_term_string\"}],\"inLanguage\":\"pt-BR\"},{\"@type\":\"Person\",\"@id\":\"https:\/\/ajustica.net\/#\/schema\/person\/e1f71ed49e0f63898db2951a6b747d62\",\"name\":\"Portal Justi\u00e7a\",\"image\":{\"@type\":\"ImageObject\",\"inLanguage\":\"pt-BR\",\"@id\":\"https:\/\/ajustica.net\/#\/schema\/person\/image\/\",\"url\":\"https:\/\/secure.gravatar.com\/avatar\/14c19bb3bbce6a73ddabbf74322a5807?s=96&d=mm&r=g\",\"contentUrl\":\"https:\/\/secure.gravatar.com\/avatar\/14c19bb3bbce6a73ddabbf74322a5807?s=96&d=mm&r=g\",\"caption\":\"Portal Justi\u00e7a\"},\"url\":\"https:\/\/ajustica.net\/index.php\/author\/justica\/\"}]}<\/script>\n<!-- \/ Yoast SEO plugin. -->","yoast_head_json":{"title":"PRESIDENTE DO TRIBUNAL SUPREMO RECEBIDO NA EMBAIXADA DE ANGOLA NO BRASIL -","robots":{"index":"index","follow":"follow","max-snippet":"max-snippet:-1","max-image-preview":"max-image-preview:large","max-video-preview":"max-video-preview:-1"},"canonical":"https:\/\/ajustica.net\/index.php\/2026\/04\/27\/presidente-do-tribunal-supremo-recebido-na-embaixada-de-angola-no-brasil\/","og_locale":"pt_BR","og_type":"article","og_title":"PRESIDENTE DO TRIBUNAL SUPREMO RECEBIDO NA EMBAIXADA DE ANGOLA NO BRASIL -","og_description":"A Embaixada de Angola no Brasil recebeu o juiz Presidente do Tribunal Supremo, Norberto Sodr\u00e9, durante uma visita \u00e0s instala\u00e7\u00f5es daquela Miss\u00e3o Diplom\u00e1tica. A recep\u00e7\u00e3o foi feita pelo embaixador de Angola no Brasil, Manuel Eduardo Bravo, e por diplomatas da miss\u00e3o, informa uma nota enviada ao JA Online. Durante a desloca\u00e7\u00e3o, o magistrado percorreu as [&hellip;]","og_url":"https:\/\/ajustica.net\/index.php\/2026\/04\/27\/presidente-do-tribunal-supremo-recebido-na-embaixada-de-angola-no-brasil\/","article_published_time":"2026-04-27T21:29:36+00:00","article_modified_time":"2026-04-27T21:29:37+00:00","og_image":[{"width":2560,"height":1695,"url":"https:\/\/ajustica.net\/wp-content\/uploads\/2026\/04\/transferir-37.jpg","type":"image\/jpeg"}],"author":"Portal Justi\u00e7a","twitter_card":"summary_large_image","twitter_misc":{"Escrito por":"Portal Justi\u00e7a","Est. tempo de leitura":"3 minutos"},"schema":{"@context":"https:\/\/schema.org","@graph":[{"@type":"WebPage","@id":"https:\/\/ajustica.net\/index.php\/2026\/04\/27\/presidente-do-tribunal-supremo-recebido-na-embaixada-de-angola-no-brasil\/","url":"https:\/\/ajustica.net\/index.php\/2026\/04\/27\/presidente-do-tribunal-supremo-recebido-na-embaixada-de-angola-no-brasil\/","name":"PRESIDENTE DO TRIBUNAL SUPREMO RECEBIDO NA EMBAIXADA DE ANGOLA NO BRASIL -","isPartOf":{"@id":"https:\/\/ajustica.net\/#website"},"datePublished":"2026-04-27T21:29:36+00:00","dateModified":"2026-04-27T21:29:37+00:00","author":{"@id":"https:\/\/ajustica.net\/#\/schema\/person\/e1f71ed49e0f63898db2951a6b747d62"},"breadcrumb":{"@id":"https:\/\/ajustica.net\/index.php\/2026\/04\/27\/presidente-do-tribunal-supremo-recebido-na-embaixada-de-angola-no-brasil\/#breadcrumb"},"inLanguage":"pt-BR","potentialAction":[{"@type":"ReadAction","target":["https:\/\/ajustica.net\/index.php\/2026\/04\/27\/presidente-do-tribunal-supremo-recebido-na-embaixada-de-angola-no-brasil\/"]}]},{"@type":"BreadcrumbList","@id":"https:\/\/ajustica.net\/index.php\/2026\/04\/27\/presidente-do-tribunal-supremo-recebido-na-embaixada-de-angola-no-brasil\/#breadcrumb","itemListElement":[{"@type":"ListItem","position":1,"name":"In\u00edcio","item":"https:\/\/ajustica.net\/"},{"@type":"ListItem","position":2,"name":"PRESIDENTE DO TRIBUNAL SUPREMO RECEBIDO NA EMBAIXADA DE ANGOLA NO BRASIL"}]},{"@type":"WebSite","@id":"https:\/\/ajustica.net\/#website","url":"https:\/\/ajustica.net\/","name":"","description":"Email Para Den\u00fancia: ajusticaa@gmail.com","potentialAction":[{"@type":"SearchAction","target":{"@type":"EntryPoint","urlTemplate":"https:\/\/ajustica.net\/?s={search_term_string}"},"query-input":"required name=search_term_string"}],"inLanguage":"pt-BR"},{"@type":"Person","@id":"https:\/\/ajustica.net\/#\/schema\/person\/e1f71ed49e0f63898db2951a6b747d62","name":"Portal Justi\u00e7a","image":{"@type":"ImageObject","inLanguage":"pt-BR","@id":"https:\/\/ajustica.net\/#\/schema\/person\/image\/","url":"https:\/\/secure.gravatar.com\/avatar\/14c19bb3bbce6a73ddabbf74322a5807?s=96&d=mm&r=g","contentUrl":"https:\/\/secure.gravatar.com\/avatar\/14c19bb3bbce6a73ddabbf74322a5807?s=96&d=mm&r=g","caption":"Portal Justi\u00e7a"},"url":"https:\/\/ajustica.net\/index.php\/author\/justica\/"}]}},"_links":{"self":[{"href":"https:\/\/ajustica.net\/index.php\/wp-json\/wp\/v2\/posts\/4985"}],"collection":[{"href":"https:\/\/ajustica.net\/index.php\/wp-json\/wp\/v2\/posts"}],"about":[{"href":"https:\/\/ajustica.net\/index.php\/wp-json\/wp\/v2\/types\/post"}],"author":[{"embeddable":true,"href":"https:\/\/ajustica.net\/index.php\/wp-json\/wp\/v2\/users\/3"}],"replies":[{"embeddable":true,"href":"https:\/\/ajustica.net\/index.php\/wp-json\/wp\/v2\/comments?post=4985"}],"version-history":[{"count":1,"href":"https:\/\/ajustica.net\/index.php\/wp-json\/wp\/v2\/posts\/4985\/revisions"}],"predecessor-version":[{"id":4987,"href":"https:\/\/ajustica.net\/index.php\/wp-json\/wp\/v2\/posts\/4985\/revisions\/4987"}],"wp:featuredmedia":[{"embeddable":true,"href":"https:\/\/ajustica.net\/index.php\/wp-json\/wp\/v2\/media\/4986"}],"wp:attachment":[{"href":"https:\/\/ajustica.net\/index.php\/wp-json\/wp\/v2\/media?parent=4985"}],"wp:term":[{"taxonomy":"category","embeddable":true,"href":"https:\/\/ajustica.net\/index.php\/wp-json\/wp\/v2\/categories?post=4985"},{"taxonomy":"post_tag","embeddable":true,"href":"https:\/\/ajustica.net\/index.php\/wp-json\/wp\/v2\/tags?post=4985"}],"curies":[{"name":"wp","href":"https:\/\/api.w.org\/{rel}","templated":true}]}}