{"id":4983,"date":"2026-04-27T18:26:20","date_gmt":"2026-04-27T21:26:20","guid":{"rendered":"https:\/\/ajustica.net\/?p=4983"},"modified":"2026-04-27T18:32:48","modified_gmt":"2026-04-27T21:32:48","slug":"tribunal-de-luanda-condena-activista-osvaldo-kaholo-a-dois-anos-e-seis-meses-de-prisao","status":"publish","type":"post","link":"https:\/\/ajustica.net\/index.php\/2026\/04\/27\/tribunal-de-luanda-condena-activista-osvaldo-kaholo-a-dois-anos-e-seis-meses-de-prisao\/","title":{"rendered":"TRIBUNAL DE LUANDA CONDENA ACTIVISTA OSVALDO KAHOLO A DOIS ANOS E SEIS MESES DE PRIS\u00c3O"},"content":{"rendered":"\n<p>O ativista angolano Osvaldo Caholo foi hoje condenada, em Luanda, a dois arios e seis meses de pris\u00e3o pelo crime de instiga\u00e7\u00e3o p\u00fablica ao crime, pena considerada &#8220;excessiva pela defesa que aponta contradi\u00e7\u00f5es e fala em &#8220;pris\u00e3o politica&#8221;.<\/p>\n\n\n\n<p>Catholo foi um dos alvisian detidos no sequencia dos protestes contra o aumento dos combustiven, em julho de 2025, que desencadeanam tumultos e pilhagens em v\u00e1rios pontos do pais com pelo menos 30 vitimas mortais em Luanda<\/p>\n\n\n\n<p>Em declara\u00e7\u00f5es \u00e0 Lusa, um representante da defesa explicou que Osvaldo Canolo tinha sido inicialmente acusado de tr\u00eas crimes apologia p\u00fablica ao crime, instiga\u00e7\u00e3o p\u00fablica ao crime e repeli\u00e3o, mas o Ministerio l&#8217;ublico decidiu manter apenas o de instiga\u00e7\u00e3o p\u00fablica ao crime, enquanto os advogados pediram a absolvi\u00e7\u00e3o dos tr\u00eas crimes por consideraren que as provas ni\u00e3o eram suficientes.<\/p>\n\n\n\n<p>&#8220;Osvaldo Caholo n\u00e3o apelou \u00e0 pr\u00e1tica Idesse crimel n\u00e3o citou a pr\u00e1tica de determinado crime. Be aglu emocionalmente, de formo reativa, a um questionamento que lhe foi feito por jornalista&#8221;, considerou Sim\u00e3n Afonso, acrescentando que n\u00e3n havia sequer &#8220;meins preparatorins para o cumesimenio de tal crime.<\/p>\n\n\n\n<p>&#8220;Portanto, em nenhum momento o tipo legal do crime de instiga\u00e7\u00e3o, nos termos que a propna lei prave, foi cumprido e a tribunal n\u00e3o chegou a provar isso, frisou<\/p>\n\n\n\n<p>Entendimento diferente leve o coletivo de julzes to Tribunal da Comarca de Luanda, que entenderam que, Osvaldo Caholo proteriu ofensas contra o Presidente da liepublica e contra generale, &#8220;um conjunto de express\u00f5es, declara\u00e7\u00f5es que constam da propria acusa\u00e7\u00e3o e que o tribunal considerou constituirem uma amea\u00e7a \u00e0 ordem social e \u00e0 paz p\u00fablica, segundo o advogado<\/p>\n\n\n\n<p>A defesa apresentou ja um recurso limitado, face as contradi\u00e7\u00f5es entre a fundamenta\u00e7\u00e3o da pena e o conjunto de atenuantes previstos na lel, ja que foi apresentada apenas uma agravante, o dolc<\/p>\n\n\n\n<p>&#8220;Segando a juiza, a arguitio agiu intencionalmenie, dolo agravado, mas houve tamb\u00e9m atenuantes come a facto de o arguido ter cooperado, ser chefe de familia e pai de menores e ter tido boa conduta durante o processo<\/p>\n\n\n\n<p>&#8220;H\u00e1 um conjunto de almuantes que est\u00e3o a favor&#8221; e nessa \u00f3fica, ens expect\u00e1vel pelo menos metade da pena, tendo em conta quo a moldura penal prev\u00e9 at\u00e9 tr\u00e8s anos, segundo Sinan Alons<\/p>\n\n\n\n<p>&#8220;Para nos, o fundamento apresentado pela juiza e a pena s\u00e3o contradit\u00f3rios. Para o conjunto de atenuantes que favorecem a nosso arguido, a pena \u00e9 excessiva. Por isso \u00e9 que apresentamos um recurso limitado, justamente pela contradi\u00e7\u00e3o do fundamento de juiza, apresentando multos atenuantes que favorecem o erguldo, do ponto de vista de coopera\u00e7\u00e3o, mas aplicando uma pena excessiva, perto da pena maxima, lo quel para n\u00f3s n\u00e3o faz qualquer sentido&#8221;, real\u00e7ou.<\/p>\n\n\n\n<p>Questionado sobre o facto ce ativistas considerarim Osvaldo Cahols um preso politics, Stni\u00e3o Afonso disse que essa \u00e9 tambem a perce\u00e7\u00e3o da defesa, ja que o processo teve sempre uma &#8220;dose politica&#8221;, at\u00e9 porque deten\u00e7\u00e3o ocommu numa altura em que se contestava una &#8220;medida antissocial do Governo, a subida do pre\u00e7o dos combustiveis<\/p>\n\n\n\n<p>&#8220;Era uma medida pol\u00edtica que estava a ser contestada. Portanto, a pris\u00e3o acabou por ter esses contornos politicos logo no inicio, sublinhou, notando que Canolo estava em plerio exercicio de direitas consagrados na Constitui\u00e7\u00e3n, nomeadamente o direito de reuni\u00e3o e manifesta\u00e7\u00e3o<\/p>\n\n\n\n<p>&#8220;Portanto, os crimes foram imputados a Osvaldo pelo exercicio de um diretto fundamental, para n\u00f3s e criminalizar o pr\u00f3prio exercicio democr\u00e1tico, o pr\u00f3prio exercicio dos direitos fundamentais previstos pela pr\u00f3pria Constitui\u00e7\u00e3o, leso para n\u00f3s n\u00e3o tem qualquer dose de direito, qualquer dose de judici\u00e1rio, (mas ej em si uma tendencia marcadamente politica, salientou.<\/p>\n\n\n\n<p>Quanto \u00e0 possibilidade de a condena\u00e7\u00e3o ter um efeito dissuasor, Sim\u00e3o Afonso afirmou que este tipo de pns\u00e3o politica &#8220;lem justamente esse condi\u00e3o de dissuade, intimidar, espalhar um modo gerul&#8221;, om particular junta de pessoas que mostram oposi\u00e7\u00e3o as &#8220;medidas antissociais do Governo<\/p>\n\n\n\n<p>&#8220;Isto aqui fica bastante evidente, tanto \u00e9 que est\u00e1 agora detido, e foi cetido na semana passada, um outro ativista, por raz\u00f5es que at\u00e9 agora n\u00e3o foran esclarecidas&#8221;, disse, acrescentando que este se encontrava no tritaurial para assistir \u00e0 audi\u00eancia de amigo quando foi debido, sem expica\u00e7\u00f5es at\u00e9 ao momenta<\/p>\n\n\n\n<p>&#8220;Evidentemente que na essa tendencia de intimida\u00e7\u00e3o geral, n\u00e3o obstante aquilo que \u00e9 a garantia fundamental da propria Constitui\u00e7\u00e3o, a liberdade de convic\u00e7\u00e3o, reunilio e manifesta\u00e7\u00e3o&#8221;, refor\u00e7ou<\/p>\n\n\n\n<p>Quanto ao periodo de decis\u00e3o do recurso, disse que o Tribunal da Rela\u00e7\u00e3o ter\u00e1 um prazo inferior e sels meses para se pronunciar, sob pena ce violar o pertoco regular da pris\u00e3o preventiva, que \u00e9 de um ano e seis meses. tendo em conta que Osvaldo Caholo est\u00e1 detido na nove meses.<\/p>\n\n\n\n<p>Osvaldo Cabolo foi detido a 19 de julho de 2025. ap\u00f3s ter enticato publicamente o Executivo em entrevistas relacionadas com os protestos, e come\u00e7ou a ser julgado a 25 de mar\u00e7o de 2026, oito meses ap\u00f3s a deten\u00e7\u00e3o.<\/p>\n\n\n\n<p>V\u00e1rias vigilias e tentativas de marchas sucederam se desde ent\u00e3o, apelando \u00e0 liberta\u00e7\u00e3o dos ativistas &#8211; por alguns considerados &#8220;prenos politicos, iniciativas que acabaram por fracassar ap\u00fcs strein inviabnradan pelas autoritardes angolarias.<\/p>\n\n\n\n<p>Osvaldo Catolo ganhou proje\u00e7\u00e3o medi\u00e1tica em Angola no \u00e2mbito do que ficou conhecido como o processo 15-2, que levou \u00e0 deten\u00e7\u00e3o, em 2015, de 17 ativistas acusados de atos preparat\u00f3rios de rebeli\u00e3o e assoola\u00e7\u00e3o criminosa, num caso amplamente denunciado por organiza\u00e7\u00f5es nacionals e Internacionais como de persegui\u00e7\u00e3o pol\u00edtica.<\/p>\n\n\n\n<p>O ativista, ent\u00e3o o \u00fanico militar entre os arguidos, integrava o grupo de jovens que discutia m\u00e9todos de resist\u00eancia pacifica e participa\u00e7\u00e3o civica, tendo sido posteriormente armnistiado em 2016, ap\u00f3s cumprir varios meses de pris\u00e3o.<\/p>\n","protected":false},"excerpt":{"rendered":"<p>O ativista angolano Osvaldo Caholo foi hoje condenada, em Luanda, a dois arios e seis meses de pris\u00e3o pelo crime de instiga\u00e7\u00e3o p\u00fablica ao crime, pena considerada &#8220;excessiva pela defesa que aponta contradi\u00e7\u00f5es e fala em &#8220;pris\u00e3o politica&#8221;. Catholo foi um dos alvisian detidos no sequencia dos protestes contra o aumento dos combustiven, em julho [&hellip;]<\/p>\n","protected":false},"author":3,"featured_media":4991,"comment_status":"open","ping_status":"open","sticky":false,"template":"","format":"standard","meta":{"footnotes":""},"categories":[2,1],"tags":[],"yoast_head":"<!-- This site is optimized with the Yoast SEO plugin v20.10 - https:\/\/yoast.com\/wordpress\/plugins\/seo\/ -->\n<title>TRIBUNAL DE LUANDA CONDENA ACTIVISTA OSVALDO KAHOLO A DOIS ANOS E SEIS MESES DE PRIS\u00c3O -<\/title>\n<meta name=\"robots\" content=\"index, follow, max-snippet:-1, max-image-preview:large, max-video-preview:-1\" \/>\n<link rel=\"canonical\" href=\"https:\/\/ajustica.net\/index.php\/2026\/04\/27\/tribunal-de-luanda-condena-activista-osvaldo-kaholo-a-dois-anos-e-seis-meses-de-prisao\/\" \/>\n<meta property=\"og:locale\" content=\"pt_BR\" \/>\n<meta property=\"og:type\" content=\"article\" \/>\n<meta property=\"og:title\" content=\"TRIBUNAL DE LUANDA CONDENA ACTIVISTA OSVALDO KAHOLO A DOIS ANOS E SEIS MESES DE PRIS\u00c3O -\" \/>\n<meta property=\"og:description\" content=\"O ativista angolano Osvaldo Caholo foi hoje condenada, em Luanda, a dois arios e seis meses de pris\u00e3o pelo crime de instiga\u00e7\u00e3o p\u00fablica ao crime, pena considerada &#8220;excessiva pela defesa que aponta contradi\u00e7\u00f5es e fala em &#8220;pris\u00e3o politica&#8221;. Catholo foi um dos alvisian detidos no sequencia dos protestes contra o aumento dos combustiven, em julho [&hellip;]\" \/>\n<meta property=\"og:url\" content=\"https:\/\/ajustica.net\/index.php\/2026\/04\/27\/tribunal-de-luanda-condena-activista-osvaldo-kaholo-a-dois-anos-e-seis-meses-de-prisao\/\" \/>\n<meta property=\"article:published_time\" content=\"2026-04-27T21:26:20+00:00\" \/>\n<meta property=\"article:modified_time\" content=\"2026-04-27T21:32:48+00:00\" \/>\n<meta property=\"og:image\" content=\"https:\/\/ajustica.net\/wp-content\/uploads\/2026\/04\/1ca0351a63df30f6d599477da16a11d0_L.jpg\" \/>\n\t<meta property=\"og:image:width\" content=\"700\" \/>\n\t<meta property=\"og:image:height\" content=\"467\" \/>\n\t<meta property=\"og:image:type\" content=\"image\/jpeg\" \/>\n<meta name=\"author\" content=\"Portal Justi\u00e7a\" \/>\n<meta name=\"twitter:card\" content=\"summary_large_image\" \/>\n<meta name=\"twitter:label1\" content=\"Escrito por\" \/>\n\t<meta name=\"twitter:data1\" content=\"Portal Justi\u00e7a\" \/>\n\t<meta name=\"twitter:label2\" content=\"Est. tempo de leitura\" \/>\n\t<meta name=\"twitter:data2\" content=\"6 minutos\" \/>\n<script type=\"application\/ld+json\" class=\"yoast-schema-graph\">{\"@context\":\"https:\/\/schema.org\",\"@graph\":[{\"@type\":\"WebPage\",\"@id\":\"https:\/\/ajustica.net\/index.php\/2026\/04\/27\/tribunal-de-luanda-condena-activista-osvaldo-kaholo-a-dois-anos-e-seis-meses-de-prisao\/\",\"url\":\"https:\/\/ajustica.net\/index.php\/2026\/04\/27\/tribunal-de-luanda-condena-activista-osvaldo-kaholo-a-dois-anos-e-seis-meses-de-prisao\/\",\"name\":\"TRIBUNAL DE LUANDA CONDENA ACTIVISTA OSVALDO KAHOLO A DOIS ANOS E SEIS MESES DE PRIS\u00c3O -\",\"isPartOf\":{\"@id\":\"https:\/\/ajustica.net\/#website\"},\"datePublished\":\"2026-04-27T21:26:20+00:00\",\"dateModified\":\"2026-04-27T21:32:48+00:00\",\"author\":{\"@id\":\"https:\/\/ajustica.net\/#\/schema\/person\/e1f71ed49e0f63898db2951a6b747d62\"},\"breadcrumb\":{\"@id\":\"https:\/\/ajustica.net\/index.php\/2026\/04\/27\/tribunal-de-luanda-condena-activista-osvaldo-kaholo-a-dois-anos-e-seis-meses-de-prisao\/#breadcrumb\"},\"inLanguage\":\"pt-BR\",\"potentialAction\":[{\"@type\":\"ReadAction\",\"target\":[\"https:\/\/ajustica.net\/index.php\/2026\/04\/27\/tribunal-de-luanda-condena-activista-osvaldo-kaholo-a-dois-anos-e-seis-meses-de-prisao\/\"]}]},{\"@type\":\"BreadcrumbList\",\"@id\":\"https:\/\/ajustica.net\/index.php\/2026\/04\/27\/tribunal-de-luanda-condena-activista-osvaldo-kaholo-a-dois-anos-e-seis-meses-de-prisao\/#breadcrumb\",\"itemListElement\":[{\"@type\":\"ListItem\",\"position\":1,\"name\":\"In\u00edcio\",\"item\":\"https:\/\/ajustica.net\/\"},{\"@type\":\"ListItem\",\"position\":2,\"name\":\"TRIBUNAL DE LUANDA CONDENA ACTIVISTA OSVALDO KAHOLO A DOIS ANOS E SEIS MESES DE PRIS\u00c3O\"}]},{\"@type\":\"WebSite\",\"@id\":\"https:\/\/ajustica.net\/#website\",\"url\":\"https:\/\/ajustica.net\/\",\"name\":\"\",\"description\":\"Email Para Den\u00fancia: ajusticaa@gmail.com\",\"potentialAction\":[{\"@type\":\"SearchAction\",\"target\":{\"@type\":\"EntryPoint\",\"urlTemplate\":\"https:\/\/ajustica.net\/?s={search_term_string}\"},\"query-input\":\"required name=search_term_string\"}],\"inLanguage\":\"pt-BR\"},{\"@type\":\"Person\",\"@id\":\"https:\/\/ajustica.net\/#\/schema\/person\/e1f71ed49e0f63898db2951a6b747d62\",\"name\":\"Portal Justi\u00e7a\",\"image\":{\"@type\":\"ImageObject\",\"inLanguage\":\"pt-BR\",\"@id\":\"https:\/\/ajustica.net\/#\/schema\/person\/image\/\",\"url\":\"https:\/\/secure.gravatar.com\/avatar\/14c19bb3bbce6a73ddabbf74322a5807?s=96&d=mm&r=g\",\"contentUrl\":\"https:\/\/secure.gravatar.com\/avatar\/14c19bb3bbce6a73ddabbf74322a5807?s=96&d=mm&r=g\",\"caption\":\"Portal Justi\u00e7a\"},\"url\":\"https:\/\/ajustica.net\/index.php\/author\/justica\/\"}]}<\/script>\n<!-- \/ Yoast SEO plugin. -->","yoast_head_json":{"title":"TRIBUNAL DE LUANDA CONDENA ACTIVISTA OSVALDO KAHOLO A DOIS ANOS E SEIS MESES DE PRIS\u00c3O -","robots":{"index":"index","follow":"follow","max-snippet":"max-snippet:-1","max-image-preview":"max-image-preview:large","max-video-preview":"max-video-preview:-1"},"canonical":"https:\/\/ajustica.net\/index.php\/2026\/04\/27\/tribunal-de-luanda-condena-activista-osvaldo-kaholo-a-dois-anos-e-seis-meses-de-prisao\/","og_locale":"pt_BR","og_type":"article","og_title":"TRIBUNAL DE LUANDA CONDENA ACTIVISTA OSVALDO KAHOLO A DOIS ANOS E SEIS MESES DE PRIS\u00c3O -","og_description":"O ativista angolano Osvaldo Caholo foi hoje condenada, em Luanda, a dois arios e seis meses de pris\u00e3o pelo crime de instiga\u00e7\u00e3o p\u00fablica ao crime, pena considerada &#8220;excessiva pela defesa que aponta contradi\u00e7\u00f5es e fala em &#8220;pris\u00e3o politica&#8221;. Catholo foi um dos alvisian detidos no sequencia dos protestes contra o aumento dos combustiven, em julho [&hellip;]","og_url":"https:\/\/ajustica.net\/index.php\/2026\/04\/27\/tribunal-de-luanda-condena-activista-osvaldo-kaholo-a-dois-anos-e-seis-meses-de-prisao\/","article_published_time":"2026-04-27T21:26:20+00:00","article_modified_time":"2026-04-27T21:32:48+00:00","og_image":[{"width":700,"height":467,"url":"https:\/\/ajustica.net\/wp-content\/uploads\/2026\/04\/1ca0351a63df30f6d599477da16a11d0_L.jpg","type":"image\/jpeg"}],"author":"Portal Justi\u00e7a","twitter_card":"summary_large_image","twitter_misc":{"Escrito por":"Portal Justi\u00e7a","Est. tempo de leitura":"6 minutos"},"schema":{"@context":"https:\/\/schema.org","@graph":[{"@type":"WebPage","@id":"https:\/\/ajustica.net\/index.php\/2026\/04\/27\/tribunal-de-luanda-condena-activista-osvaldo-kaholo-a-dois-anos-e-seis-meses-de-prisao\/","url":"https:\/\/ajustica.net\/index.php\/2026\/04\/27\/tribunal-de-luanda-condena-activista-osvaldo-kaholo-a-dois-anos-e-seis-meses-de-prisao\/","name":"TRIBUNAL DE LUANDA CONDENA ACTIVISTA OSVALDO KAHOLO A DOIS ANOS E SEIS MESES DE PRIS\u00c3O -","isPartOf":{"@id":"https:\/\/ajustica.net\/#website"},"datePublished":"2026-04-27T21:26:20+00:00","dateModified":"2026-04-27T21:32:48+00:00","author":{"@id":"https:\/\/ajustica.net\/#\/schema\/person\/e1f71ed49e0f63898db2951a6b747d62"},"breadcrumb":{"@id":"https:\/\/ajustica.net\/index.php\/2026\/04\/27\/tribunal-de-luanda-condena-activista-osvaldo-kaholo-a-dois-anos-e-seis-meses-de-prisao\/#breadcrumb"},"inLanguage":"pt-BR","potentialAction":[{"@type":"ReadAction","target":["https:\/\/ajustica.net\/index.php\/2026\/04\/27\/tribunal-de-luanda-condena-activista-osvaldo-kaholo-a-dois-anos-e-seis-meses-de-prisao\/"]}]},{"@type":"BreadcrumbList","@id":"https:\/\/ajustica.net\/index.php\/2026\/04\/27\/tribunal-de-luanda-condena-activista-osvaldo-kaholo-a-dois-anos-e-seis-meses-de-prisao\/#breadcrumb","itemListElement":[{"@type":"ListItem","position":1,"name":"In\u00edcio","item":"https:\/\/ajustica.net\/"},{"@type":"ListItem","position":2,"name":"TRIBUNAL DE LUANDA CONDENA ACTIVISTA OSVALDO KAHOLO A DOIS ANOS E SEIS MESES DE PRIS\u00c3O"}]},{"@type":"WebSite","@id":"https:\/\/ajustica.net\/#website","url":"https:\/\/ajustica.net\/","name":"","description":"Email Para Den\u00fancia: ajusticaa@gmail.com","potentialAction":[{"@type":"SearchAction","target":{"@type":"EntryPoint","urlTemplate":"https:\/\/ajustica.net\/?s={search_term_string}"},"query-input":"required name=search_term_string"}],"inLanguage":"pt-BR"},{"@type":"Person","@id":"https:\/\/ajustica.net\/#\/schema\/person\/e1f71ed49e0f63898db2951a6b747d62","name":"Portal Justi\u00e7a","image":{"@type":"ImageObject","inLanguage":"pt-BR","@id":"https:\/\/ajustica.net\/#\/schema\/person\/image\/","url":"https:\/\/secure.gravatar.com\/avatar\/14c19bb3bbce6a73ddabbf74322a5807?s=96&d=mm&r=g","contentUrl":"https:\/\/secure.gravatar.com\/avatar\/14c19bb3bbce6a73ddabbf74322a5807?s=96&d=mm&r=g","caption":"Portal Justi\u00e7a"},"url":"https:\/\/ajustica.net\/index.php\/author\/justica\/"}]}},"_links":{"self":[{"href":"https:\/\/ajustica.net\/index.php\/wp-json\/wp\/v2\/posts\/4983"}],"collection":[{"href":"https:\/\/ajustica.net\/index.php\/wp-json\/wp\/v2\/posts"}],"about":[{"href":"https:\/\/ajustica.net\/index.php\/wp-json\/wp\/v2\/types\/post"}],"author":[{"embeddable":true,"href":"https:\/\/ajustica.net\/index.php\/wp-json\/wp\/v2\/users\/3"}],"replies":[{"embeddable":true,"href":"https:\/\/ajustica.net\/index.php\/wp-json\/wp\/v2\/comments?post=4983"}],"version-history":[{"count":1,"href":"https:\/\/ajustica.net\/index.php\/wp-json\/wp\/v2\/posts\/4983\/revisions"}],"predecessor-version":[{"id":4984,"href":"https:\/\/ajustica.net\/index.php\/wp-json\/wp\/v2\/posts\/4983\/revisions\/4984"}],"wp:featuredmedia":[{"embeddable":true,"href":"https:\/\/ajustica.net\/index.php\/wp-json\/wp\/v2\/media\/4991"}],"wp:attachment":[{"href":"https:\/\/ajustica.net\/index.php\/wp-json\/wp\/v2\/media?parent=4983"}],"wp:term":[{"taxonomy":"category","embeddable":true,"href":"https:\/\/ajustica.net\/index.php\/wp-json\/wp\/v2\/categories?post=4983"},{"taxonomy":"post_tag","embeddable":true,"href":"https:\/\/ajustica.net\/index.php\/wp-json\/wp\/v2\/tags?post=4983"}],"curies":[{"name":"wp","href":"https:\/\/api.w.org\/{rel}","templated":true}]}}