{"id":4980,"date":"2026-04-27T18:23:53","date_gmt":"2026-04-27T21:23:53","guid":{"rendered":"https:\/\/ajustica.net\/?p=4980"},"modified":"2026-04-27T18:23:54","modified_gmt":"2026-04-27T21:23:54","slug":"presidente-da-republica-autoriza-construcao-do-novo-aeroporto-de-cabinda","status":"publish","type":"post","link":"https:\/\/ajustica.net\/index.php\/2026\/04\/27\/presidente-da-republica-autoriza-construcao-do-novo-aeroporto-de-cabinda\/","title":{"rendered":"PRESIDENTE DA REP\u00daBLICA AUTORIZA CONSTRU\u00c7\u00c3O DO NOVO AEROPORTO DE CABINDA"},"content":{"rendered":"\n<p>O Chefe de Estado, Jo\u00e3o Louren\u00e7o, autorizou a despesa e a celebra\u00e7\u00e3o da adenda ao contrato de empreitada de obras p\u00fablicas para a constru\u00e7\u00e3o, fornecimento, instala\u00e7\u00e3o de equipamentos e apetrechamento do Novo Aeroporto Internacional de Cabinda.<\/p>\n\n\n\n<p>No decreto n.\u00ba 150\/26 de 24 de Abril, consultado por este jornal, o Presidente da Rep\u00fablica delega compet\u00eancia ao ministro dos Transportes com a faculdade de subdelegar para a pr\u00e1tica de todos os actos subsequentes<\/p>\n\n\n\n<p>O Novo Aeroporto Internacional de Cabinda est\u00e1 or\u00e7ado em 250 milh\u00f5es de d\u00f3lares, atrav\u00e9s de um financiamento da UK Export Finance, cuja execu\u00e7\u00e3o f\u00edsica est\u00e1 sob a cargo da Odebrecht Engenharia e Constru\u00e7\u00e3o.<\/p>\n","protected":false},"excerpt":{"rendered":"<p>O Chefe de Estado, Jo\u00e3o Louren\u00e7o, autorizou a despesa e a celebra\u00e7\u00e3o da adenda ao contrato de empreitada de obras p\u00fablicas para a constru\u00e7\u00e3o, fornecimento, instala\u00e7\u00e3o de equipamentos e apetrechamento do Novo Aeroporto Internacional de Cabinda. No decreto n.\u00ba 150\/26 de 24 de Abril, consultado por este jornal, o Presidente da Rep\u00fablica delega compet\u00eancia ao [&hellip;]<\/p>\n","protected":false},"author":3,"featured_media":4981,"comment_status":"open","ping_status":"open","sticky":false,"template":"","format":"standard","meta":{"footnotes":""},"categories":[2,4],"tags":[],"yoast_head":"<!-- This site is optimized with the Yoast SEO plugin v20.10 - https:\/\/yoast.com\/wordpress\/plugins\/seo\/ -->\n<title>PRESIDENTE DA REP\u00daBLICA AUTORIZA CONSTRU\u00c7\u00c3O DO NOVO AEROPORTO DE CABINDA -<\/title>\n<meta name=\"robots\" content=\"index, follow, max-snippet:-1, max-image-preview:large, max-video-preview:-1\" \/>\n<link rel=\"canonical\" href=\"https:\/\/ajustica.net\/index.php\/2026\/04\/27\/presidente-da-republica-autoriza-construcao-do-novo-aeroporto-de-cabinda\/\" \/>\n<meta property=\"og:locale\" content=\"pt_BR\" \/>\n<meta property=\"og:type\" content=\"article\" \/>\n<meta property=\"og:title\" content=\"PRESIDENTE DA REP\u00daBLICA AUTORIZA CONSTRU\u00c7\u00c3O DO NOVO AEROPORTO DE CABINDA -\" \/>\n<meta property=\"og:description\" content=\"O Chefe de Estado, Jo\u00e3o Louren\u00e7o, autorizou a despesa e a celebra\u00e7\u00e3o da adenda ao contrato de empreitada de obras p\u00fablicas para a constru\u00e7\u00e3o, fornecimento, instala\u00e7\u00e3o de equipamentos e apetrechamento do Novo Aeroporto Internacional de Cabinda. No decreto n.\u00ba 150\/26 de 24 de Abril, consultado por este jornal, o Presidente da Rep\u00fablica delega compet\u00eancia ao [&hellip;]\" \/>\n<meta property=\"og:url\" content=\"https:\/\/ajustica.net\/index.php\/2026\/04\/27\/presidente-da-republica-autoriza-construcao-do-novo-aeroporto-de-cabinda\/\" \/>\n<meta property=\"article:published_time\" content=\"2026-04-27T21:23:53+00:00\" \/>\n<meta property=\"article:modified_time\" content=\"2026-04-27T21:23:54+00:00\" \/>\n<meta property=\"og:image\" content=\"https:\/\/ajustica.net\/wp-content\/uploads\/2026\/04\/6275748_imagem.jpeg\" \/>\n\t<meta property=\"og:image:width\" content=\"1264\" \/>\n\t<meta property=\"og:image:height\" content=\"838\" \/>\n\t<meta property=\"og:image:type\" content=\"image\/jpeg\" \/>\n<meta name=\"author\" content=\"Portal Justi\u00e7a\" \/>\n<meta name=\"twitter:card\" content=\"summary_large_image\" \/>\n<meta name=\"twitter:label1\" content=\"Escrito por\" \/>\n\t<meta name=\"twitter:data1\" content=\"Portal Justi\u00e7a\" \/>\n\t<meta name=\"twitter:label2\" content=\"Est. tempo de leitura\" \/>\n\t<meta name=\"twitter:data2\" content=\"1 minuto\" \/>\n<script type=\"application\/ld+json\" class=\"yoast-schema-graph\">{\"@context\":\"https:\/\/schema.org\",\"@graph\":[{\"@type\":\"WebPage\",\"@id\":\"https:\/\/ajustica.net\/index.php\/2026\/04\/27\/presidente-da-republica-autoriza-construcao-do-novo-aeroporto-de-cabinda\/\",\"url\":\"https:\/\/ajustica.net\/index.php\/2026\/04\/27\/presidente-da-republica-autoriza-construcao-do-novo-aeroporto-de-cabinda\/\",\"name\":\"PRESIDENTE DA REP\u00daBLICA AUTORIZA CONSTRU\u00c7\u00c3O DO NOVO AEROPORTO DE CABINDA -\",\"isPartOf\":{\"@id\":\"https:\/\/ajustica.net\/#website\"},\"datePublished\":\"2026-04-27T21:23:53+00:00\",\"dateModified\":\"2026-04-27T21:23:54+00:00\",\"author\":{\"@id\":\"https:\/\/ajustica.net\/#\/schema\/person\/e1f71ed49e0f63898db2951a6b747d62\"},\"breadcrumb\":{\"@id\":\"https:\/\/ajustica.net\/index.php\/2026\/04\/27\/presidente-da-republica-autoriza-construcao-do-novo-aeroporto-de-cabinda\/#breadcrumb\"},\"inLanguage\":\"pt-BR\",\"potentialAction\":[{\"@type\":\"ReadAction\",\"target\":[\"https:\/\/ajustica.net\/index.php\/2026\/04\/27\/presidente-da-republica-autoriza-construcao-do-novo-aeroporto-de-cabinda\/\"]}]},{\"@type\":\"BreadcrumbList\",\"@id\":\"https:\/\/ajustica.net\/index.php\/2026\/04\/27\/presidente-da-republica-autoriza-construcao-do-novo-aeroporto-de-cabinda\/#breadcrumb\",\"itemListElement\":[{\"@type\":\"ListItem\",\"position\":1,\"name\":\"In\u00edcio\",\"item\":\"https:\/\/ajustica.net\/\"},{\"@type\":\"ListItem\",\"position\":2,\"name\":\"PRESIDENTE DA REP\u00daBLICA AUTORIZA CONSTRU\u00c7\u00c3O DO NOVO AEROPORTO DE CABINDA\"}]},{\"@type\":\"WebSite\",\"@id\":\"https:\/\/ajustica.net\/#website\",\"url\":\"https:\/\/ajustica.net\/\",\"name\":\"\",\"description\":\"Email Para Den\u00fancia: ajusticaa@gmail.com\",\"potentialAction\":[{\"@type\":\"SearchAction\",\"target\":{\"@type\":\"EntryPoint\",\"urlTemplate\":\"https:\/\/ajustica.net\/?s={search_term_string}\"},\"query-input\":\"required name=search_term_string\"}],\"inLanguage\":\"pt-BR\"},{\"@type\":\"Person\",\"@id\":\"https:\/\/ajustica.net\/#\/schema\/person\/e1f71ed49e0f63898db2951a6b747d62\",\"name\":\"Portal Justi\u00e7a\",\"image\":{\"@type\":\"ImageObject\",\"inLanguage\":\"pt-BR\",\"@id\":\"https:\/\/ajustica.net\/#\/schema\/person\/image\/\",\"url\":\"https:\/\/secure.gravatar.com\/avatar\/14c19bb3bbce6a73ddabbf74322a5807?s=96&d=mm&r=g\",\"contentUrl\":\"https:\/\/secure.gravatar.com\/avatar\/14c19bb3bbce6a73ddabbf74322a5807?s=96&d=mm&r=g\",\"caption\":\"Portal Justi\u00e7a\"},\"url\":\"https:\/\/ajustica.net\/index.php\/author\/justica\/\"}]}<\/script>\n<!-- \/ Yoast SEO plugin. -->","yoast_head_json":{"title":"PRESIDENTE DA REP\u00daBLICA AUTORIZA CONSTRU\u00c7\u00c3O DO NOVO AEROPORTO DE CABINDA -","robots":{"index":"index","follow":"follow","max-snippet":"max-snippet:-1","max-image-preview":"max-image-preview:large","max-video-preview":"max-video-preview:-1"},"canonical":"https:\/\/ajustica.net\/index.php\/2026\/04\/27\/presidente-da-republica-autoriza-construcao-do-novo-aeroporto-de-cabinda\/","og_locale":"pt_BR","og_type":"article","og_title":"PRESIDENTE DA REP\u00daBLICA AUTORIZA CONSTRU\u00c7\u00c3O DO NOVO AEROPORTO DE CABINDA -","og_description":"O Chefe de Estado, Jo\u00e3o Louren\u00e7o, autorizou a despesa e a celebra\u00e7\u00e3o da adenda ao contrato de empreitada de obras p\u00fablicas para a constru\u00e7\u00e3o, fornecimento, instala\u00e7\u00e3o de equipamentos e apetrechamento do Novo Aeroporto Internacional de Cabinda. No decreto n.\u00ba 150\/26 de 24 de Abril, consultado por este jornal, o Presidente da Rep\u00fablica delega compet\u00eancia ao [&hellip;]","og_url":"https:\/\/ajustica.net\/index.php\/2026\/04\/27\/presidente-da-republica-autoriza-construcao-do-novo-aeroporto-de-cabinda\/","article_published_time":"2026-04-27T21:23:53+00:00","article_modified_time":"2026-04-27T21:23:54+00:00","og_image":[{"width":1264,"height":838,"url":"https:\/\/ajustica.net\/wp-content\/uploads\/2026\/04\/6275748_imagem.jpeg","type":"image\/jpeg"}],"author":"Portal Justi\u00e7a","twitter_card":"summary_large_image","twitter_misc":{"Escrito por":"Portal Justi\u00e7a","Est. tempo de leitura":"1 minuto"},"schema":{"@context":"https:\/\/schema.org","@graph":[{"@type":"WebPage","@id":"https:\/\/ajustica.net\/index.php\/2026\/04\/27\/presidente-da-republica-autoriza-construcao-do-novo-aeroporto-de-cabinda\/","url":"https:\/\/ajustica.net\/index.php\/2026\/04\/27\/presidente-da-republica-autoriza-construcao-do-novo-aeroporto-de-cabinda\/","name":"PRESIDENTE DA REP\u00daBLICA AUTORIZA CONSTRU\u00c7\u00c3O DO NOVO AEROPORTO DE CABINDA -","isPartOf":{"@id":"https:\/\/ajustica.net\/#website"},"datePublished":"2026-04-27T21:23:53+00:00","dateModified":"2026-04-27T21:23:54+00:00","author":{"@id":"https:\/\/ajustica.net\/#\/schema\/person\/e1f71ed49e0f63898db2951a6b747d62"},"breadcrumb":{"@id":"https:\/\/ajustica.net\/index.php\/2026\/04\/27\/presidente-da-republica-autoriza-construcao-do-novo-aeroporto-de-cabinda\/#breadcrumb"},"inLanguage":"pt-BR","potentialAction":[{"@type":"ReadAction","target":["https:\/\/ajustica.net\/index.php\/2026\/04\/27\/presidente-da-republica-autoriza-construcao-do-novo-aeroporto-de-cabinda\/"]}]},{"@type":"BreadcrumbList","@id":"https:\/\/ajustica.net\/index.php\/2026\/04\/27\/presidente-da-republica-autoriza-construcao-do-novo-aeroporto-de-cabinda\/#breadcrumb","itemListElement":[{"@type":"ListItem","position":1,"name":"In\u00edcio","item":"https:\/\/ajustica.net\/"},{"@type":"ListItem","position":2,"name":"PRESIDENTE DA REP\u00daBLICA AUTORIZA CONSTRU\u00c7\u00c3O DO NOVO AEROPORTO DE CABINDA"}]},{"@type":"WebSite","@id":"https:\/\/ajustica.net\/#website","url":"https:\/\/ajustica.net\/","name":"","description":"Email Para Den\u00fancia: ajusticaa@gmail.com","potentialAction":[{"@type":"SearchAction","target":{"@type":"EntryPoint","urlTemplate":"https:\/\/ajustica.net\/?s={search_term_string}"},"query-input":"required name=search_term_string"}],"inLanguage":"pt-BR"},{"@type":"Person","@id":"https:\/\/ajustica.net\/#\/schema\/person\/e1f71ed49e0f63898db2951a6b747d62","name":"Portal Justi\u00e7a","image":{"@type":"ImageObject","inLanguage":"pt-BR","@id":"https:\/\/ajustica.net\/#\/schema\/person\/image\/","url":"https:\/\/secure.gravatar.com\/avatar\/14c19bb3bbce6a73ddabbf74322a5807?s=96&d=mm&r=g","contentUrl":"https:\/\/secure.gravatar.com\/avatar\/14c19bb3bbce6a73ddabbf74322a5807?s=96&d=mm&r=g","caption":"Portal Justi\u00e7a"},"url":"https:\/\/ajustica.net\/index.php\/author\/justica\/"}]}},"_links":{"self":[{"href":"https:\/\/ajustica.net\/index.php\/wp-json\/wp\/v2\/posts\/4980"}],"collection":[{"href":"https:\/\/ajustica.net\/index.php\/wp-json\/wp\/v2\/posts"}],"about":[{"href":"https:\/\/ajustica.net\/index.php\/wp-json\/wp\/v2\/types\/post"}],"author":[{"embeddable":true,"href":"https:\/\/ajustica.net\/index.php\/wp-json\/wp\/v2\/users\/3"}],"replies":[{"embeddable":true,"href":"https:\/\/ajustica.net\/index.php\/wp-json\/wp\/v2\/comments?post=4980"}],"version-history":[{"count":1,"href":"https:\/\/ajustica.net\/index.php\/wp-json\/wp\/v2\/posts\/4980\/revisions"}],"predecessor-version":[{"id":4982,"href":"https:\/\/ajustica.net\/index.php\/wp-json\/wp\/v2\/posts\/4980\/revisions\/4982"}],"wp:featuredmedia":[{"embeddable":true,"href":"https:\/\/ajustica.net\/index.php\/wp-json\/wp\/v2\/media\/4981"}],"wp:attachment":[{"href":"https:\/\/ajustica.net\/index.php\/wp-json\/wp\/v2\/media?parent=4980"}],"wp:term":[{"taxonomy":"category","embeddable":true,"href":"https:\/\/ajustica.net\/index.php\/wp-json\/wp\/v2\/categories?post=4980"},{"taxonomy":"post_tag","embeddable":true,"href":"https:\/\/ajustica.net\/index.php\/wp-json\/wp\/v2\/tags?post=4980"}],"curies":[{"name":"wp","href":"https:\/\/api.w.org\/{rel}","templated":true}]}}