{"id":4857,"date":"2026-03-17T10:55:44","date_gmt":"2026-03-17T13:55:44","guid":{"rendered":"https:\/\/ajustica.net\/?p=4857"},"modified":"2026-03-17T10:55:44","modified_gmt":"2026-03-17T13:55:44","slug":"sobe-para-886-o-numero-de-mortos-na-guerra-entre-israel-e-hezbollah","status":"publish","type":"post","link":"https:\/\/ajustica.net\/index.php\/2026\/03\/17\/sobe-para-886-o-numero-de-mortos-na-guerra-entre-israel-e-hezbollah\/","title":{"rendered":"SOBE PARA 886 O N\u00daMERO DE MORTOS NA GUERRA ENTRE ISRAEL E HEZBOLLAH"},"content":{"rendered":"\n<p>Os ataques israelitas contra o L\u00edbano provocaram a morte de 886 pessoas, entre as quais 111 crian\u00e7as e 38 profissionais de sa\u00fade, anunciou, ontem, o Minist\u00e9rio da Sa\u00fade liban\u00eas.<\/p>\n\n\n\n<p>O balan\u00e7o anterior sobre a guerra em curso desde 2 de Mar\u00e7o entre Israel e o movimento liban\u00eas pr\u00f3-iraniano Hezbollah, divulgado no domingo, era de 850 mortos.<\/p>\n\n\n\n<p>Al\u00e9m das v\u00edtimas mortais, 2.141 pessoas ficaram feridas em duas semanas de conflito, precisou a mesma fonte, citada pela ag\u00eancia de not\u00edcias France-Presse (AFP).<\/p>\n\n\n\n<p>A escalada de viol\u00eancia intensificou-se, ontem, com o an\u00fancio por parte do ex\u00e9rcito israelita de &#8220;opera\u00e7\u00f5es terrestres limitadas e direccionadas&#8221; no sul do L\u00edbano.<\/p>\n\n\n\n<p>As opera\u00e7\u00f5es visam basti\u00f5es do Hezbollah e ocorrem em paralelo com a campanha de bombardeamentos a\u00e9reos que atinge v\u00e1rias regi\u00f5es do pa\u00eds.<\/p>\n\n\n\n<p>O grupo xiita arrastou o L\u00edbano para a guerra no M\u00e9dio Oriente em 2 de Mar\u00e7o, quando lan\u00e7ou m\u00edsseis contra Israel para vingar Ali Khamenei, o l\u00edder iraniano morto em 28 de Fevereiro, no primeiro dia da ofensiva israelo-americana contra Teer\u00e3o.<\/p>\n\n\n\n<p>O L\u00edbano \u00e9 o pa\u00eds com mais v\u00edtimas na guerra do M\u00e9dio Oriente, depois do Ir\u00e3o, cujas autoridades mant\u00eam desde h\u00e1 alguns dias um balan\u00e7o por actualizar com mais de 1.200 mortos.<\/p>\n\n\n\n<p>O Secret\u00e1rio-Geral da ONU, Ant\u00f3nio Guterres, visitou Beirute na sexta-feira e no s\u00e1bado em solidariedade para com o povo liban\u00eas, que disse ter sido arrastado para a guerra sem o desejar, numa refer\u00eancia ao papel do Hezbollah.<\/p>\n\n\n\n<p>Guterres apelou \u00e0s partes beligerantes para que parassem com a guerra e optassem pela diplomacia e as negocia\u00e7\u00f5es para revolver o conflito.<\/p>\n","protected":false},"excerpt":{"rendered":"<p>Os ataques israelitas contra o L\u00edbano provocaram a morte de 886 pessoas, entre as quais 111 crian\u00e7as e 38 profissionais de sa\u00fade, anunciou, ontem, o Minist\u00e9rio da Sa\u00fade liban\u00eas. O balan\u00e7o anterior sobre a guerra em curso desde 2 de Mar\u00e7o entre Israel e o movimento liban\u00eas pr\u00f3-iraniano Hezbollah, divulgado no domingo, era de 850 [&hellip;]<\/p>\n","protected":false},"author":3,"featured_media":4858,"comment_status":"open","ping_status":"open","sticky":false,"template":"","format":"standard","meta":{"footnotes":""},"categories":[2,6],"tags":[],"yoast_head":"<!-- This site is optimized with the Yoast SEO plugin v20.10 - https:\/\/yoast.com\/wordpress\/plugins\/seo\/ -->\n<title>SOBE PARA 886 O N\u00daMERO DE MORTOS NA GUERRA ENTRE ISRAEL E HEZBOLLAH -<\/title>\n<meta name=\"robots\" content=\"index, follow, max-snippet:-1, max-image-preview:large, max-video-preview:-1\" \/>\n<link rel=\"canonical\" href=\"https:\/\/ajustica.net\/index.php\/2026\/03\/17\/sobe-para-886-o-numero-de-mortos-na-guerra-entre-israel-e-hezbollah\/\" \/>\n<meta property=\"og:locale\" content=\"pt_BR\" \/>\n<meta property=\"og:type\" content=\"article\" \/>\n<meta property=\"og:title\" content=\"SOBE PARA 886 O N\u00daMERO DE MORTOS NA GUERRA ENTRE ISRAEL E HEZBOLLAH -\" \/>\n<meta property=\"og:description\" content=\"Os ataques israelitas contra o L\u00edbano provocaram a morte de 886 pessoas, entre as quais 111 crian\u00e7as e 38 profissionais de sa\u00fade, anunciou, ontem, o Minist\u00e9rio da Sa\u00fade liban\u00eas. O balan\u00e7o anterior sobre a guerra em curso desde 2 de Mar\u00e7o entre Israel e o movimento liban\u00eas pr\u00f3-iraniano Hezbollah, divulgado no domingo, era de 850 [&hellip;]\" \/>\n<meta property=\"og:url\" content=\"https:\/\/ajustica.net\/index.php\/2026\/03\/17\/sobe-para-886-o-numero-de-mortos-na-guerra-entre-israel-e-hezbollah\/\" \/>\n<meta property=\"article:published_time\" content=\"2026-03-17T13:55:44+00:00\" \/>\n<meta property=\"og:image\" content=\"https:\/\/ajustica.net\/wp-content\/uploads\/2026\/03\/6272851_imagem.jpeg\" \/>\n\t<meta property=\"og:image:width\" content=\"620\" \/>\n\t<meta property=\"og:image:height\" content=\"355\" \/>\n\t<meta property=\"og:image:type\" content=\"image\/jpeg\" \/>\n<meta name=\"author\" content=\"Portal Justi\u00e7a\" \/>\n<meta name=\"twitter:card\" content=\"summary_large_image\" \/>\n<meta name=\"twitter:label1\" content=\"Escrito por\" \/>\n\t<meta name=\"twitter:data1\" content=\"Portal Justi\u00e7a\" \/>\n\t<meta name=\"twitter:label2\" content=\"Est. tempo de leitura\" \/>\n\t<meta name=\"twitter:data2\" content=\"2 minutos\" \/>\n<script type=\"application\/ld+json\" class=\"yoast-schema-graph\">{\"@context\":\"https:\/\/schema.org\",\"@graph\":[{\"@type\":\"WebPage\",\"@id\":\"https:\/\/ajustica.net\/index.php\/2026\/03\/17\/sobe-para-886-o-numero-de-mortos-na-guerra-entre-israel-e-hezbollah\/\",\"url\":\"https:\/\/ajustica.net\/index.php\/2026\/03\/17\/sobe-para-886-o-numero-de-mortos-na-guerra-entre-israel-e-hezbollah\/\",\"name\":\"SOBE PARA 886 O N\u00daMERO DE MORTOS NA GUERRA ENTRE ISRAEL E HEZBOLLAH -\",\"isPartOf\":{\"@id\":\"https:\/\/ajustica.net\/#website\"},\"datePublished\":\"2026-03-17T13:55:44+00:00\",\"dateModified\":\"2026-03-17T13:55:44+00:00\",\"author\":{\"@id\":\"https:\/\/ajustica.net\/#\/schema\/person\/e1f71ed49e0f63898db2951a6b747d62\"},\"breadcrumb\":{\"@id\":\"https:\/\/ajustica.net\/index.php\/2026\/03\/17\/sobe-para-886-o-numero-de-mortos-na-guerra-entre-israel-e-hezbollah\/#breadcrumb\"},\"inLanguage\":\"pt-BR\",\"potentialAction\":[{\"@type\":\"ReadAction\",\"target\":[\"https:\/\/ajustica.net\/index.php\/2026\/03\/17\/sobe-para-886-o-numero-de-mortos-na-guerra-entre-israel-e-hezbollah\/\"]}]},{\"@type\":\"BreadcrumbList\",\"@id\":\"https:\/\/ajustica.net\/index.php\/2026\/03\/17\/sobe-para-886-o-numero-de-mortos-na-guerra-entre-israel-e-hezbollah\/#breadcrumb\",\"itemListElement\":[{\"@type\":\"ListItem\",\"position\":1,\"name\":\"In\u00edcio\",\"item\":\"https:\/\/ajustica.net\/\"},{\"@type\":\"ListItem\",\"position\":2,\"name\":\"SOBE PARA 886 O N\u00daMERO DE MORTOS NA GUERRA ENTRE ISRAEL E HEZBOLLAH\"}]},{\"@type\":\"WebSite\",\"@id\":\"https:\/\/ajustica.net\/#website\",\"url\":\"https:\/\/ajustica.net\/\",\"name\":\"\",\"description\":\"Email Para Den\u00fancia: ajusticaa@gmail.com\",\"potentialAction\":[{\"@type\":\"SearchAction\",\"target\":{\"@type\":\"EntryPoint\",\"urlTemplate\":\"https:\/\/ajustica.net\/?s={search_term_string}\"},\"query-input\":\"required name=search_term_string\"}],\"inLanguage\":\"pt-BR\"},{\"@type\":\"Person\",\"@id\":\"https:\/\/ajustica.net\/#\/schema\/person\/e1f71ed49e0f63898db2951a6b747d62\",\"name\":\"Portal Justi\u00e7a\",\"image\":{\"@type\":\"ImageObject\",\"inLanguage\":\"pt-BR\",\"@id\":\"https:\/\/ajustica.net\/#\/schema\/person\/image\/\",\"url\":\"https:\/\/secure.gravatar.com\/avatar\/14c19bb3bbce6a73ddabbf74322a5807?s=96&d=mm&r=g\",\"contentUrl\":\"https:\/\/secure.gravatar.com\/avatar\/14c19bb3bbce6a73ddabbf74322a5807?s=96&d=mm&r=g\",\"caption\":\"Portal Justi\u00e7a\"},\"url\":\"https:\/\/ajustica.net\/index.php\/author\/justica\/\"}]}<\/script>\n<!-- \/ Yoast SEO plugin. -->","yoast_head_json":{"title":"SOBE PARA 886 O N\u00daMERO DE MORTOS NA GUERRA ENTRE ISRAEL E HEZBOLLAH -","robots":{"index":"index","follow":"follow","max-snippet":"max-snippet:-1","max-image-preview":"max-image-preview:large","max-video-preview":"max-video-preview:-1"},"canonical":"https:\/\/ajustica.net\/index.php\/2026\/03\/17\/sobe-para-886-o-numero-de-mortos-na-guerra-entre-israel-e-hezbollah\/","og_locale":"pt_BR","og_type":"article","og_title":"SOBE PARA 886 O N\u00daMERO DE MORTOS NA GUERRA ENTRE ISRAEL E HEZBOLLAH -","og_description":"Os ataques israelitas contra o L\u00edbano provocaram a morte de 886 pessoas, entre as quais 111 crian\u00e7as e 38 profissionais de sa\u00fade, anunciou, ontem, o Minist\u00e9rio da Sa\u00fade liban\u00eas. O balan\u00e7o anterior sobre a guerra em curso desde 2 de Mar\u00e7o entre Israel e o movimento liban\u00eas pr\u00f3-iraniano Hezbollah, divulgado no domingo, era de 850 [&hellip;]","og_url":"https:\/\/ajustica.net\/index.php\/2026\/03\/17\/sobe-para-886-o-numero-de-mortos-na-guerra-entre-israel-e-hezbollah\/","article_published_time":"2026-03-17T13:55:44+00:00","og_image":[{"width":620,"height":355,"url":"https:\/\/ajustica.net\/wp-content\/uploads\/2026\/03\/6272851_imagem.jpeg","type":"image\/jpeg"}],"author":"Portal Justi\u00e7a","twitter_card":"summary_large_image","twitter_misc":{"Escrito por":"Portal Justi\u00e7a","Est. tempo de leitura":"2 minutos"},"schema":{"@context":"https:\/\/schema.org","@graph":[{"@type":"WebPage","@id":"https:\/\/ajustica.net\/index.php\/2026\/03\/17\/sobe-para-886-o-numero-de-mortos-na-guerra-entre-israel-e-hezbollah\/","url":"https:\/\/ajustica.net\/index.php\/2026\/03\/17\/sobe-para-886-o-numero-de-mortos-na-guerra-entre-israel-e-hezbollah\/","name":"SOBE PARA 886 O N\u00daMERO DE MORTOS NA GUERRA ENTRE ISRAEL E HEZBOLLAH -","isPartOf":{"@id":"https:\/\/ajustica.net\/#website"},"datePublished":"2026-03-17T13:55:44+00:00","dateModified":"2026-03-17T13:55:44+00:00","author":{"@id":"https:\/\/ajustica.net\/#\/schema\/person\/e1f71ed49e0f63898db2951a6b747d62"},"breadcrumb":{"@id":"https:\/\/ajustica.net\/index.php\/2026\/03\/17\/sobe-para-886-o-numero-de-mortos-na-guerra-entre-israel-e-hezbollah\/#breadcrumb"},"inLanguage":"pt-BR","potentialAction":[{"@type":"ReadAction","target":["https:\/\/ajustica.net\/index.php\/2026\/03\/17\/sobe-para-886-o-numero-de-mortos-na-guerra-entre-israel-e-hezbollah\/"]}]},{"@type":"BreadcrumbList","@id":"https:\/\/ajustica.net\/index.php\/2026\/03\/17\/sobe-para-886-o-numero-de-mortos-na-guerra-entre-israel-e-hezbollah\/#breadcrumb","itemListElement":[{"@type":"ListItem","position":1,"name":"In\u00edcio","item":"https:\/\/ajustica.net\/"},{"@type":"ListItem","position":2,"name":"SOBE PARA 886 O N\u00daMERO DE MORTOS NA GUERRA ENTRE ISRAEL E HEZBOLLAH"}]},{"@type":"WebSite","@id":"https:\/\/ajustica.net\/#website","url":"https:\/\/ajustica.net\/","name":"","description":"Email Para Den\u00fancia: ajusticaa@gmail.com","potentialAction":[{"@type":"SearchAction","target":{"@type":"EntryPoint","urlTemplate":"https:\/\/ajustica.net\/?s={search_term_string}"},"query-input":"required name=search_term_string"}],"inLanguage":"pt-BR"},{"@type":"Person","@id":"https:\/\/ajustica.net\/#\/schema\/person\/e1f71ed49e0f63898db2951a6b747d62","name":"Portal Justi\u00e7a","image":{"@type":"ImageObject","inLanguage":"pt-BR","@id":"https:\/\/ajustica.net\/#\/schema\/person\/image\/","url":"https:\/\/secure.gravatar.com\/avatar\/14c19bb3bbce6a73ddabbf74322a5807?s=96&d=mm&r=g","contentUrl":"https:\/\/secure.gravatar.com\/avatar\/14c19bb3bbce6a73ddabbf74322a5807?s=96&d=mm&r=g","caption":"Portal Justi\u00e7a"},"url":"https:\/\/ajustica.net\/index.php\/author\/justica\/"}]}},"_links":{"self":[{"href":"https:\/\/ajustica.net\/index.php\/wp-json\/wp\/v2\/posts\/4857"}],"collection":[{"href":"https:\/\/ajustica.net\/index.php\/wp-json\/wp\/v2\/posts"}],"about":[{"href":"https:\/\/ajustica.net\/index.php\/wp-json\/wp\/v2\/types\/post"}],"author":[{"embeddable":true,"href":"https:\/\/ajustica.net\/index.php\/wp-json\/wp\/v2\/users\/3"}],"replies":[{"embeddable":true,"href":"https:\/\/ajustica.net\/index.php\/wp-json\/wp\/v2\/comments?post=4857"}],"version-history":[{"count":1,"href":"https:\/\/ajustica.net\/index.php\/wp-json\/wp\/v2\/posts\/4857\/revisions"}],"predecessor-version":[{"id":4859,"href":"https:\/\/ajustica.net\/index.php\/wp-json\/wp\/v2\/posts\/4857\/revisions\/4859"}],"wp:featuredmedia":[{"embeddable":true,"href":"https:\/\/ajustica.net\/index.php\/wp-json\/wp\/v2\/media\/4858"}],"wp:attachment":[{"href":"https:\/\/ajustica.net\/index.php\/wp-json\/wp\/v2\/media?parent=4857"}],"wp:term":[{"taxonomy":"category","embeddable":true,"href":"https:\/\/ajustica.net\/index.php\/wp-json\/wp\/v2\/categories?post=4857"},{"taxonomy":"post_tag","embeddable":true,"href":"https:\/\/ajustica.net\/index.php\/wp-json\/wp\/v2\/tags?post=4857"}],"curies":[{"name":"wp","href":"https:\/\/api.w.org\/{rel}","templated":true}]}}